{"id":70815,"date":"2017-12-14T06:47:07","date_gmt":"2017-12-14T09:47:07","guid":{"rendered":"http:\/\/argentinamunicipal.com.ar\/argentina\/?p=70815"},"modified":"2017-12-14T06:47:07","modified_gmt":"2017-12-14T09:47:07","slug":"gobierno-ya-adelanto-tope-buscara-las-negociaciones-las-paritarias-2018","status":"publish","type":"post","link":"http:\/\/argentinamunicipal.com.ar\/argentina\/gobierno-ya-adelanto-tope-buscara-las-negociaciones-las-paritarias-2018\/","title":{"rendered":"El Gobierno ya adelant\u00f3 el tope que buscar\u00e1 para las negociaciones de las paritarias 2018"},"content":{"rendered":"<p>Se basan en las estimaciones del Banco Central, de acuerdo a lo que declar\u00f3 el ministro de Hacienda, Nicol\u00e1s Dujovne.<\/p>\n<p>El ministro de Hacienda, Nicol\u00e1s\u00a0Dujovne, reconoci\u00f3 que buscar\u00e1n\u00a0un tope de paritarias para 2018 que no supere el 16 por ciento\u00a0y lo justific\u00f3 en base a las estimaciones del Banco Central.<\/p>\n<p>\u00abLas expectativas del sector privado que releva el\u00a0Banco Central est\u00e1n en 16,6 por ciento para el a\u00f1o que viene y entonces uno deber\u00eda esperar que las paritarias para el a\u00f1o que viene cierren en ese n\u00famero\u00bb, asegur\u00f3 Dujovne en declaraciones radiales.<\/p>\n<p>En ese sentido, el ministro dijo que si bien \u201cse conversa\u201d entre Gobierno y empresarios, \u00abse respeta la autonom\u00eda del Banco Central\u00bb. \u00abEse es el armado institucional que rige en la mayor\u00eda de los pa\u00edses del mundo\u201d, agreg\u00f3 a Radio Mitre y aport\u00f3 que \u201chay un equilibrio en el que el Banco Central es un poquito m\u00e1s conservador\u00bb.<\/p>\n<p>Luego afirm\u00f3 que al Central \u00abhay que darle la derecha\u00bb porque es el que determina las tasas de inter\u00e9s y consider\u00f3 que hay que \u201cbajar el nivel de ansiedad\u00bb. \u00abCuanto m\u00e1s r\u00e1pido baje la inflaci\u00f3n m\u00e1s r\u00e1pido vamos a crecer\u00bb, prometi\u00f3 una vez m\u00e1s.<\/p>\n<p>A su vez, el funcionario consider\u00f3 que una inflaci\u00f3n n\u00facleo del 1,3 por ciento como la medida por el Indec esta semana \u00abes un buen n\u00famero\u00bb porque durante el kirchnerismo, con precios y tarifas congelados, \u00abnunca bajaba del 2\u00bb.<\/p>\n<h6>Fuente: InfoNews<\/h6>\n","protected":false},"excerpt":{"rendered":"<p>Se basan en las estimaciones del Banco Central, de acuerdo a lo que declar\u00f3 el ministro de Hacienda, Nicol\u00e1s Dujovne.<\/p>\n","protected":false},"author":2,"featured_media":70816,"comment_status":"closed","ping_status":"closed","sticky":false,"template":"","format":"standard","meta":{"footnotes":""},"categories":[8],"tags":[21],"class_list":["post-70815","post","type-post","status-publish","format-standard","has-post-thumbnail","hentry","category-informe-nacional","tag-argentina"],"_links":{"self":[{"href":"http:\/\/argentinamunicipal.com.ar\/argentina\/wp-json\/wp\/v2\/posts\/70815","targetHints":{"allow":["GET"]}}],"collection":[{"href":"http:\/\/argentinamunicipal.com.ar\/argentina\/wp-json\/wp\/v2\/posts"}],"about":[{"href":"http:\/\/argentinamunicipal.com.ar\/argentina\/wp-json\/wp\/v2\/types\/post"}],"author":[{"embeddable":true,"href":"http:\/\/argentinamunicipal.com.ar\/argentina\/wp-json\/wp\/v2\/users\/2"}],"replies":[{"embeddable":true,"href":"http:\/\/argentinamunicipal.com.ar\/argentina\/wp-json\/wp\/v2\/comments?post=70815"}],"version-history":[{"count":0,"href":"http:\/\/argentinamunicipal.com.ar\/argentina\/wp-json\/wp\/v2\/posts\/70815\/revisions"}],"wp:featuredmedia":[{"embeddable":true,"href":"http:\/\/argentinamunicipal.com.ar\/argentina\/wp-json\/wp\/v2\/media\/70816"}],"wp:attachment":[{"href":"http:\/\/argentinamunicipal.com.ar\/argentina\/wp-json\/wp\/v2\/media?parent=70815"}],"wp:term":[{"taxonomy":"category","embeddable":true,"href":"http:\/\/argentinamunicipal.com.ar\/argentina\/wp-json\/wp\/v2\/categories?post=70815"},{"taxonomy":"post_tag","embeddable":true,"href":"http:\/\/argentinamunicipal.com.ar\/argentina\/wp-json\/wp\/v2\/tags?post=70815"}],"curies":[{"name":"wp","href":"https:\/\/api.w.org\/{rel}","templated":true}]}}