{"id":71337,"date":"2017-12-28T06:26:03","date_gmt":"2017-12-28T09:26:03","guid":{"rendered":"http:\/\/argentinamunicipal.com.ar\/argentina\/?p=71337"},"modified":"2017-12-28T08:02:19","modified_gmt":"2017-12-28T11:02:19","slug":"la-economia-social-se-consolida-herramienta-inclusion-rosario","status":"publish","type":"post","link":"http:\/\/argentinamunicipal.com.ar\/argentina\/la-economia-social-se-consolida-herramienta-inclusion-rosario\/","title":{"rendered":"La econom\u00eda social se consolida como herramienta de inclusi\u00f3n en Rosario"},"content":{"rendered":"<p>M\u00e1s de 3.700 rosarinos participaron durante este a\u00f1o en los cursos y capacitaciones del programa Rosario Emprende, lo que representa un crecimiento del orden del 150% respecto al a\u00f1o anterior<\/p>\n<p>Los emprendimientos sociales crecieron en la ciudad y lo hicieron de la mano del Estado municipal, con un fuerte impulso a partir de la creaci\u00f3n de la Secretar\u00eda de Econom\u00eda Social en 2015. Inmediatamente, y con el fin de ayudar y capacitar a personas con ideas de iniciar una actividad autogestiva o con alg\u00fan peque\u00f1o emprendimiento familiar, se cre\u00f3 el programa Rosario Emprende, una verdadera usina de emprendedores sociales.<\/p>\n<p>En 2016, un total de 1.500 rosarinas y rosarinos transit\u00f3 los cursos y capacitaciones que ofrece el \u00e1rea municipal de Econom\u00eda Social, mientras que este a\u00f1o fueron alrededor de 3.700 los beneficiados con los programas de formaci\u00f3n, acompa\u00f1amiento, impulso y fortalecimiento de emprendedores, lo que representa un crecimiento de casi el 150%.<\/p>\n<p>En ese sentido, durante 2017 pasaron por los m\u00f3dulos formativos\u00a0 ABC del Emprendedor alrededor\u00a0 de 1.900 vecinos, quienes recibieron conocimientos iniciales para manejar sus emprendimientos. En tanto, 700 emprendedores participaron en la llamada Segunda Fase, que cuenta con cursos espec\u00edficos de perfeccionamiento para permitirles iniciar su comercializaci\u00f3n en forma personal o a trav\u00e9s de los espacios de la Econom\u00eda Social, como ferias habituales, ferias especiales, BioMercado, Mercado del Patio y Mercado de Aromas y Sabores.<\/p>\n<p>Cabe destacar que desde su creaci\u00f3n se realizaron 7 ediciones del ABC del Emprendedor y ABC de Organizaciones, del que participaron 100 organizaciones sociales. Por otro parte, el programa Incubadora cont\u00f3 con la participaci\u00f3n de m\u00e1s de 300 emprendedores y Rosario Cuida tu Idea, una\u00a0 iniciativa destinada espec\u00edficamente a mujeres con emprendimientos, cont\u00f3 con la presencia de unas 140 asistentes.<\/p>\n<p>Por otro lado, el espacio Espacio Emprende (Presidente Roca y el R\u00edo),\u00a0 inaugurado en septiembre pasado, involucr\u00f3 a 720 personas en distintos cursos de capacitaci\u00f3n y perfeccionamiento para emprendedores sociales.<\/p>\n<p>Una herramienta de inclusi\u00f3n y trabajo para miles de rosarinos<\/p>\n<p>La otra econom\u00eda, como se la denomina a la Econom\u00eda Social y Solidaria, es un movimiento universal basado en la autogesti\u00f3n, el cooperativismo y otras formas de asociatividad que conforman un tercer sector de la econom\u00eda. No s\u00f3lo es una herramienta de inclusi\u00f3n laboral, sino tambi\u00e9n de desarrollo de econom\u00edas regionales; es una soluci\u00f3n a las crisis econ\u00f3micas c\u00edclicas que sufren muchos pa\u00edses del mundo, incluido el nuestro.<\/p>\n<p>En Rosario, la Econom\u00eda Social tambi\u00e9n est\u00e1 asociada al concepto de sustentabilidad y respeto al medio ambiente, a trav\u00e9s de productos reciclados, verduras agroecol\u00f3gicas y alimentos saludables; tambi\u00e9n a principios \u00e9ticos como el de no violencia y no sexismo en muchos de los juegos y juguetes que salen de la imaginaci\u00f3n y las manos de\u00a0 nuestros emprendedores.<\/p>\n<h6>Fuente:\u00a0Sin Mordaza<\/h6>\n","protected":false},"excerpt":{"rendered":"<p>M\u00e1s de 3.700 rosarinos participaron durante este a\u00f1o en los cursos y capacitaciones del programa Rosario Emprende, lo que representa un crecimiento del orden del 150% respecto al a\u00f1o anterior<\/p>\n","protected":false},"author":2,"featured_media":71338,"comment_status":"closed","ping_status":"closed","sticky":false,"template":"","format":"standard","meta":{"footnotes":""},"categories":[2],"tags":[10],"class_list":["post-71337","post","type-post","status-publish","format-standard","has-post-thumbnail","hentry","category-informe-municipal","tag-santa-fe"],"_links":{"self":[{"href":"http:\/\/argentinamunicipal.com.ar\/argentina\/wp-json\/wp\/v2\/posts\/71337","targetHints":{"allow":["GET"]}}],"collection":[{"href":"http:\/\/argentinamunicipal.com.ar\/argentina\/wp-json\/wp\/v2\/posts"}],"about":[{"href":"http:\/\/argentinamunicipal.com.ar\/argentina\/wp-json\/wp\/v2\/types\/post"}],"author":[{"embeddable":true,"href":"http:\/\/argentinamunicipal.com.ar\/argentina\/wp-json\/wp\/v2\/users\/2"}],"replies":[{"embeddable":true,"href":"http:\/\/argentinamunicipal.com.ar\/argentina\/wp-json\/wp\/v2\/comments?post=71337"}],"version-history":[{"count":0,"href":"http:\/\/argentinamunicipal.com.ar\/argentina\/wp-json\/wp\/v2\/posts\/71337\/revisions"}],"wp:featuredmedia":[{"embeddable":true,"href":"http:\/\/argentinamunicipal.com.ar\/argentina\/wp-json\/wp\/v2\/media\/71338"}],"wp:attachment":[{"href":"http:\/\/argentinamunicipal.com.ar\/argentina\/wp-json\/wp\/v2\/media?parent=71337"}],"wp:term":[{"taxonomy":"category","embeddable":true,"href":"http:\/\/argentinamunicipal.com.ar\/argentina\/wp-json\/wp\/v2\/categories?post=71337"},{"taxonomy":"post_tag","embeddable":true,"href":"http:\/\/argentinamunicipal.com.ar\/argentina\/wp-json\/wp\/v2\/tags?post=71337"}],"curies":[{"name":"wp","href":"https:\/\/api.w.org\/{rel}","templated":true}]}}