{"id":714,"date":"2014-02-12T16:12:31","date_gmt":"2014-02-12T19:12:31","guid":{"rendered":"http:\/\/argentinamunicipal.com.ar\/argentina\/?p=714"},"modified":"2014-02-12T16:12:31","modified_gmt":"2014-02-12T19:12:31","slug":"intendente-de-corrientes-advirtio-al-stj-por-financieras-y-pidio-recuperar-poder-de-contralor","status":"publish","type":"post","link":"http:\/\/argentinamunicipal.com.ar\/argentina\/intendente-de-corrientes-advirtio-al-stj-por-financieras-y-pidio-recuperar-poder-de-contralor\/","title":{"rendered":"Intendente de Corrientes advirti\u00f3 al STJ por financieras y pidi\u00f3 recuperar poder de contralor"},"content":{"rendered":"<div id=\"attachment_715\" style=\"width: 728px\" class=\"wp-caption aligncenter\"><a href=\"http:\/\/argentinamunicipal.com.ar\/argentina\/wp-content\/uploads\/2014\/02\/185149.jpg\"><img loading=\"lazy\" decoding=\"async\" aria-describedby=\"caption-attachment-715\" class=\"size-full wp-image-715\" alt=\"PROTOCOLO. R\u00cdOS ENCAUZ\u00d3 DONACI\u00d3N DE TIERRAS EN SANTA CATALINA PARA USO DEL STJ.\" src=\"http:\/\/argentinamunicipal.com.ar\/argentina\/wp-content\/uploads\/2014\/02\/185149.jpg\" width=\"718\" height=\"473\" srcset=\"http:\/\/argentinamunicipal.com.ar\/argentina\/wp-content\/uploads\/2014\/02\/185149.jpg 718w, http:\/\/argentinamunicipal.com.ar\/argentina\/wp-content\/uploads\/2014\/02\/185149-300x197.jpg 300w\" sizes=\"auto, (max-width: 718px) 100vw, 718px\" \/><\/a><p id=\"caption-attachment-715\" class=\"wp-caption-text\">PROTOCOLO. R\u00cdOS ENCAUZ\u00d3 DONACI\u00d3N DE TIERRAS EN SANTA CATALINA PARA USO DEL STJ.<\/p><\/div>\n<p>En una reuni\u00f3n con el titular de la Corte provincial, Guillermo Semhan, el Intendente capitalino plante\u00f3 su inquietud por casas que ofrecen pr\u00e9stamos a \u201ctasas usurarias\u201d. Tambi\u00e9n cuestion\u00f3 cautelar que impide a la Comuna ejercer su facultad de contralor comercial.<\/p>\n<p>En su primer contacto formal como intendente capitalino con el presidente del Superior Tribunal de Justicia (STJ), Guillermo Semhan, Fabi\u00e1n R\u00edos plante\u00f3 ayer su \u201cpreocupaci\u00f3n\u201d ante la proliferaci\u00f3n de casas de pr\u00e9stamos que, seg\u00fan advirti\u00f3, aplican tasas \u201cusurarias\u201d a sus clientes. A su vez, breg\u00f3 por la restituci\u00f3n de facultades de contralor a la Comuna que administra, afectadas hasta el momento por una reciente medida cautelar. En paralelo, se firmaron acuerdos de colaboraci\u00f3n rec\u00edproca en varias materias.<\/p>\n<p>En el encuentro realizado cerca del mediod\u00eda de ayer en las instalaciones del STJ, jefe comunal plante\u00f3 ante el presidente de la Corte provincial, la \u201cpreocupaci\u00f3n\u201d del Municipio por la medida cautelar emitida por el Juzgado Contencioso Administrativo N\u00ba1 que impide la clausura de una casa de pr\u00e9stamos que no tiene habilitaci\u00f3n comercial, por lo cual, entiende, niega a la Comuna el ejercicio de su facultad de organismo de contralor comercial.<\/p>\n<p>Al respecto, el Intendente explic\u00f3 d\u00edas atr\u00e1s que el amparo en cuesti\u00f3n fue \u201cotorgado en muy pocos d\u00edas de feria\u201d y que a trav\u00e9s de \u00e9l \u201cconcedi\u00f3 la posibilidad de habilitaci\u00f3n permanente y sin l\u00edmites a una financiera que hace usura con los trabajadores de Corrientes\u201d.<\/p>\n<p>En la misma oportunidad, tambi\u00e9n habl\u00f3 de una \u201cproliferaci\u00f3n\u201d de este tipo de casas prestamistas, a las que consider\u00f3 como \u201ccomercios usurarios que fijan tasas espantosas y que algunas juezas otorgan amparo para que la Municipalidad no las puedan clausurar porque no tiene habilitaci\u00f3n comercial\u201d. \u201cNo pueden funcionar conforme a las reglas pero lo hacen por amparo esquilmando los salarios de los correntinos\u201d, agreg\u00f3.<\/p>\n<p>En contacto con Semhan, R\u00edos tambi\u00e9n advirti\u00f3 que las \u201cfinancieras\u201d denunciadas \u201cvestidas de cooperativas, realizan pr\u00e9stamos de dinero a tasas usurarias siendo los m\u00e1s perjudicados jubilados, trabajadores cuentapropistas y empleados p\u00fablicos en general\u201d.<\/p>\n<p>Semhan, por su parte, afirm\u00f3 haber remitido con anterioridad los antecedentes del caso para su estudio a los organismos internos correspondientes, a ra\u00edz de una presentaci\u00f3n municipal.<\/p>\n<p>El mitin tambi\u00e9n fue aprovechado por ambos para poner en actualidad el predio comprometido en donaci\u00f3n por la Municipalidad al STJ, dentro del proyecto Santa Catalina. A tal fin, el Intendente manifest\u00f3 que en los pr\u00f3ximos d\u00edas se reunir\u00e1n los equipos t\u00e9cnicos de ambos organismos para convenir la reserva de la zona.<\/p>\n<p>El di\u00e1logo tambi\u00e9n gir\u00f3 en torno al tr\u00e1nsito vehicular y los accidentes que se suceden a diario, as\u00ed como las habilitaciones de obras, temas sobre los cuales tanto R\u00edos como Semhan se comprometieron a realizar todo lo que est\u00e9 al alcance de ambos para mejorar la situaci\u00f3n actual.<\/p>\n<pre>Fuente: Diario Epoca<\/pre>\n","protected":false},"excerpt":{"rendered":"<p>En una reuni\u00f3n con el titular de la Corte provincial, Guillermo Semhan, el Intendente capitalino plante\u00f3 su inquietud por casas que ofrecen pr\u00e9stamos a \u201ctasas usurarias\u201d. Tambi\u00e9n cuestion\u00f3 cautelar que impide a la Comuna ejercer su facultad de contralor comercial. En su primer contacto formal como intendente capitalino con el presidente del Superior Tribunal de<\/p>\n","protected":false},"author":1,"featured_media":715,"comment_status":"closed","ping_status":"closed","sticky":false,"template":"","format":"standard","meta":{"footnotes":""},"categories":[2],"tags":[13],"class_list":["post-714","post","type-post","status-publish","format-standard","has-post-thumbnail","hentry","category-informe-municipal","tag-corrientes"],"_links":{"self":[{"href":"http:\/\/argentinamunicipal.com.ar\/argentina\/wp-json\/wp\/v2\/posts\/714","targetHints":{"allow":["GET"]}}],"collection":[{"href":"http:\/\/argentinamunicipal.com.ar\/argentina\/wp-json\/wp\/v2\/posts"}],"about":[{"href":"http:\/\/argentinamunicipal.com.ar\/argentina\/wp-json\/wp\/v2\/types\/post"}],"author":[{"embeddable":true,"href":"http:\/\/argentinamunicipal.com.ar\/argentina\/wp-json\/wp\/v2\/users\/1"}],"replies":[{"embeddable":true,"href":"http:\/\/argentinamunicipal.com.ar\/argentina\/wp-json\/wp\/v2\/comments?post=714"}],"version-history":[{"count":0,"href":"http:\/\/argentinamunicipal.com.ar\/argentina\/wp-json\/wp\/v2\/posts\/714\/revisions"}],"wp:featuredmedia":[{"embeddable":true,"href":"http:\/\/argentinamunicipal.com.ar\/argentina\/wp-json\/wp\/v2\/media\/715"}],"wp:attachment":[{"href":"http:\/\/argentinamunicipal.com.ar\/argentina\/wp-json\/wp\/v2\/media?parent=714"}],"wp:term":[{"taxonomy":"category","embeddable":true,"href":"http:\/\/argentinamunicipal.com.ar\/argentina\/wp-json\/wp\/v2\/categories?post=714"},{"taxonomy":"post_tag","embeddable":true,"href":"http:\/\/argentinamunicipal.com.ar\/argentina\/wp-json\/wp\/v2\/tags?post=714"}],"curies":[{"name":"wp","href":"https:\/\/api.w.org\/{rel}","templated":true}]}}