{"id":717,"date":"2014-02-12T16:26:38","date_gmt":"2014-02-12T19:26:38","guid":{"rendered":"http:\/\/argentinamunicipal.com.ar\/argentina\/?p=717"},"modified":"2014-02-12T16:26:38","modified_gmt":"2014-02-12T19:26:38","slug":"gobierno-de-entre-rios-pidio-a-los-intendentes-justicialistas-que-trabajen-por-los-precios-cuidados","status":"publish","type":"post","link":"http:\/\/argentinamunicipal.com.ar\/argentina\/gobierno-de-entre-rios-pidio-a-los-intendentes-justicialistas-que-trabajen-por-los-precios-cuidados\/","title":{"rendered":"Gobierno de Entre R\u00edos pidi\u00f3 a los intendentes justicialistas que trabajen por los \u00abprecios cuidados\u00bb"},"content":{"rendered":"<p><a href=\"http:\/\/argentinamunicipal.com.ar\/argentina\/wp-content\/uploads\/2014\/02\/64816_mid.jpg\"><img loading=\"lazy\" decoding=\"async\" class=\"alignright size-full wp-image-718\" alt=\"64816_mid\" src=\"http:\/\/argentinamunicipal.com.ar\/argentina\/wp-content\/uploads\/2014\/02\/64816_mid.jpg\" width=\"390\" height=\"235\" srcset=\"http:\/\/argentinamunicipal.com.ar\/argentina\/wp-content\/uploads\/2014\/02\/64816_mid.jpg 390w, http:\/\/argentinamunicipal.com.ar\/argentina\/wp-content\/uploads\/2014\/02\/64816_mid-300x180.jpg 300w\" sizes=\"auto, (max-width: 390px) 100vw, 390px\" \/><\/a>El jefe de gabinete entrerriano, Hugo Ballay, presidi\u00f3 este mi\u00e9rcoles la reuni\u00f3n de la Liga de Intendentes Justicialistas y les llev\u00f3 a los mandatarios un mensaje del gobernador: Que trabajen \u201cpol\u00edticamente\u201d para sostener el programa \u201cprecios cuidados\u201d, lanzado a nivel nacional.<\/p>\n<p>Si bien el acuerdo solo rige en las grandes cadenas de supermercados, que se encuentran en las ciudades con mayor densidad de poblaci\u00f3n, el funcionario pidi\u00f3 a los intendentes que traten de lograr el compromiso de los comerciantes . Adelant\u00f3 adem\u00e1s que se est\u00e1 elaborando un programa provincial con el mismo fin.<\/p>\n<p>En una reuni\u00f3n abierta, en la que participaron los intendentes de la Liga Justicialista y los ministros de Encomia, Diego Valiero, de Producci\u00f3n, Roberto Schunk, de Salud, Hugo Cettour, de Trabajo, Guillermo Smaldone, de Tursimo, Hugo Mars\u00f3 y de Comunicaci\u00f3n y Cultura, Pedro B\u00e1ez, el jefe de Gabinete, Hugo Ballay, les plante\u00f3 a los mandatarios que trabajen para sostener el control de precios en la provincia.<\/p>\n<p>Les cont\u00f3 que el s\u00e1bado en Paran\u00e1 se hizo un operativo con la Direcci\u00f3n de Comercio y \u201capoyado con mucha militancia\u201d que adem\u00e1s de controlar los supermercados y labrar actas de incumplimiento, se entregaron \u201cfolletos y listas de precios\u201d. El funcionario reconoci\u00f3 que es dif\u00edcil controlar los precios en las ciudades donde no est\u00e1n estas cadenas que firmaron el acuerdo a nivel nacional, por lo que pidi\u00f3 a los intendentes \u201ctrabajar pol\u00edticamente\u201d para lograr el compromiso de los comerciantes.<\/p>\n<p>Adelant\u00f3 adem\u00e1s que se est\u00e1 trabajando a nivel provincial para lograr un acuerdo con comerciantes, sindicatos e industriales, para \u201cllegar a establecer una lista de precios controlados con los entrerrianos\u201d.<\/p>\n<p>\u201cLes vamos a pedir el compromiso y el esfuerzo de contribuir a esta batalla\u201d, dijo en la reuni\u00f3n en la que estuvo presente esta Agencia.<\/p>\n<p>Estaba previsto que el gobernador Sergio Urribarri asista al mediod\u00eda.<\/p>\n<pre>Fuente: APFDigital<\/pre>\n","protected":false},"excerpt":{"rendered":"<p>El jefe de gabinete entrerriano, Hugo Ballay, presidi\u00f3 este mi\u00e9rcoles la reuni\u00f3n de la Liga de Intendentes Justicialistas y les llev\u00f3 a los mandatarios un mensaje del gobernador: Que trabajen \u201cpol\u00edticamente\u201d para sostener el programa \u201cprecios cuidados\u201d, lanzado a nivel nacional. Si bien el acuerdo solo rige en las grandes cadenas de supermercados, que se<\/p>\n","protected":false},"author":1,"featured_media":718,"comment_status":"closed","ping_status":"closed","sticky":false,"template":"","format":"standard","meta":{"footnotes":""},"categories":[4],"tags":[17],"class_list":["post-717","post","type-post","status-publish","format-standard","has-post-thumbnail","hentry","category-informe-politico","tag-entre-rios"],"_links":{"self":[{"href":"http:\/\/argentinamunicipal.com.ar\/argentina\/wp-json\/wp\/v2\/posts\/717","targetHints":{"allow":["GET"]}}],"collection":[{"href":"http:\/\/argentinamunicipal.com.ar\/argentina\/wp-json\/wp\/v2\/posts"}],"about":[{"href":"http:\/\/argentinamunicipal.com.ar\/argentina\/wp-json\/wp\/v2\/types\/post"}],"author":[{"embeddable":true,"href":"http:\/\/argentinamunicipal.com.ar\/argentina\/wp-json\/wp\/v2\/users\/1"}],"replies":[{"embeddable":true,"href":"http:\/\/argentinamunicipal.com.ar\/argentina\/wp-json\/wp\/v2\/comments?post=717"}],"version-history":[{"count":0,"href":"http:\/\/argentinamunicipal.com.ar\/argentina\/wp-json\/wp\/v2\/posts\/717\/revisions"}],"wp:featuredmedia":[{"embeddable":true,"href":"http:\/\/argentinamunicipal.com.ar\/argentina\/wp-json\/wp\/v2\/media\/718"}],"wp:attachment":[{"href":"http:\/\/argentinamunicipal.com.ar\/argentina\/wp-json\/wp\/v2\/media?parent=717"}],"wp:term":[{"taxonomy":"category","embeddable":true,"href":"http:\/\/argentinamunicipal.com.ar\/argentina\/wp-json\/wp\/v2\/categories?post=717"},{"taxonomy":"post_tag","embeddable":true,"href":"http:\/\/argentinamunicipal.com.ar\/argentina\/wp-json\/wp\/v2\/tags?post=717"}],"curies":[{"name":"wp","href":"https:\/\/api.w.org\/{rel}","templated":true}]}}