{"id":72545,"date":"2018-01-29T07:37:58","date_gmt":"2018-01-29T10:37:58","guid":{"rendered":"http:\/\/argentinamunicipal.com.ar\/argentina\/?p=72545"},"modified":"2018-01-29T07:37:58","modified_gmt":"2018-01-29T10:37:58","slug":"las-pymes-industriales-amenazan-realizar-mas-despidos-poder-pagar-la-electricidad","status":"publish","type":"post","link":"http:\/\/argentinamunicipal.com.ar\/argentina\/las-pymes-industriales-amenazan-realizar-mas-despidos-poder-pagar-la-electricidad\/","title":{"rendered":"Las pymes industriales amenazan con realizar m\u00e1s despidos para poder pagar la electricidad"},"content":{"rendered":"<p>Las empresas del sector dieron a conocer que, a ra\u00edz de los tarifazos en el servicio de energ\u00eda el\u00e9ctrica, eval\u00faan echar a trabajadores para hacer frente a los gastos.<\/p>\n<p>Desde\u00a0Industriales Pymes Argentinos (IPA)\u00a0advirtieron que tendr\u00e1n que\u00a0despedir trabajadores para poder pagar la electricidad. Los\u00a0tarifazos en el servicio de energ\u00eda golpean a las empresas del sector\u00a0que ya amenazan con medidas de impacto negativo.<\/p>\n<p>La entidad se\u00f1al\u00f3 que \u201cel kilowatt en la Argentina es uno de los m\u00e1s caros de Latinoam\u00e9rica\u00bb, por lo cual reclam\u00f3 a las compa\u00f1\u00edas el\u00e9ctricas \u00abcongelar las tarifas hasta que haya resultados de inversiones\u00bb.<\/p>\n<p>Asimismo, calcul\u00f3 que \u00ablos aumentos en dos a\u00f1os variaron entre el 500 y el 1.000 por ciento\u00bb y apunt\u00f3 que las peque\u00f1as y medianas empresas industriales \u00abpodr\u00edan reducir su personal para hacer frente al pago del servicio el\u00e9ctrico luego de p\u00e9rdidas millonarias por falta de producci\u00f3n que afrontaron durante el actual per\u00edodo estival\u00bb.<\/p>\n<p>Entonces explic\u00f3 que ello es \u00abconsecuencia de las deficiencias en el servicio de energ\u00eda el\u00e9ctrica en combinaci\u00f3n con los ajustes tarifarios\u00bb, y a\u00f1adi\u00f3 que \u00abante el atraso del pago de factura por un d\u00eda, las empresas el\u00e9ctricas cobran un 10% de inter\u00e9s\u00bb.<\/p>\n<p>\u00abA pesar de temperaturas m\u00e1s bajas que el a\u00f1o pasado y una ca\u00edda de la demanda, los usuarios afectados por cortes de luz ascendieron 63%\u00bb, agreg\u00f3.<\/p>\n<p>Al respecto, el presidente de Industriales Pymes Argentinos, Daniel Rosato, manifest\u00f3 que hay \u00abausencia de inversiones en las redes de baja y media tensi\u00f3n que proveyeron servicio deficiente o directamente dejaron sin energ\u00eda el\u00e9ctrica a las pymes\u00bb.<\/p>\n<p>\u00abEn el IPA estamos recibiendo una gran cantidad de casos en los que la falta de energ\u00eda el\u00e9ctrica gener\u00f3 descalabros en las finanzas de las empresas, que perdieron producciones, no pudieron cumplir con compromisos de ventas, y que adem\u00e1s debieron hacerles frente a los aumentos que en el t\u00e9rmino de dos a\u00f1os superaron el 800%\u00bb, cont\u00f3.<\/p>\n<p>Finalmente dio a conocer que \u201ccada vez que sucedi\u00f3 uno de los 32 episodios, se generaron desperdicios de la materia prima. Esas p\u00e9rdidas no tienen reintegro de parte de nadie, son todos costos que salen del bolsillo de la empresa y no son a favor de nadie\u201d.<\/p>\n<p>Desde Industriales Pymes Argentinos (IPA) advirtieron que tendr\u00e1n que despedir trabajadores para poder pagar la electricidad. Los tarifazos en el servicio de energ\u00eda golpean a las empresas del sector que ya amenazan con medidas de impacto negativo.<\/p>\n<p>La entidad se\u00f1al\u00f3 que \u201cel kilowatt en la Argentina es uno de los m\u00e1s caros de Latinoam\u00e9rica\u00bb, por lo cual reclam\u00f3 a las compa\u00f1\u00edas el\u00e9ctricas \u00abcongelar las tarifas hasta que haya resultados de inversiones\u00bb.<\/p>\n<p>Asimismo, calcul\u00f3 que \u00ablos aumentos en dos a\u00f1os variaron entre el 500 y el 1.000 por ciento\u00bb y apunt\u00f3 que las peque\u00f1as y medianas empresas industriales \u00abpodr\u00edan reducir su personal para hacer frente al pago del servicio el\u00e9ctrico luego de p\u00e9rdidas millonarias por falta de producci\u00f3n que afrontaron durante el actual per\u00edodo estival\u00bb.<\/p>\n<p>Entonces explic\u00f3 que ello es \u00abconsecuencia de las deficiencias en el servicio de energ\u00eda el\u00e9ctrica en combinaci\u00f3n con los ajustes tarifarios\u00bb, y a\u00f1adi\u00f3 que \u00abante el atraso del pago de factura por un d\u00eda, las empresas el\u00e9ctricas cobran un 10% de inter\u00e9s\u00bb.<\/p>\n<p>\u00abA pesar de temperaturas m\u00e1s bajas que el a\u00f1o pasado y una ca\u00edda de la demanda, los usuarios afectados por cortes de luz ascendieron 63%\u00bb, agreg\u00f3.<\/p>\n<p>Al respecto, el\u00a0presidente de Industriales Pymes Argentinos, Daniel Rosato, manifest\u00f3 que hay \u00abausencia de inversiones en las redes de baja y media tensi\u00f3n que proveyeron servicio deficiente o directamente dejaron sin energ\u00eda el\u00e9ctrica a las pymes\u00bb.<\/p>\n<p>\u00abEn el IPA estamos recibiendo una gran cantidad de casos en los que la falta de energ\u00eda el\u00e9ctrica gener\u00f3 descalabros en las finanzas de las empresas, que perdieron producciones, no pudieron cumplir con compromisos de ventas, y que adem\u00e1s debieron hacerles frente a los aumentos que en el t\u00e9rmino de dos a\u00f1os superaron el 800%\u00bb, cont\u00f3.<\/p>\n<p>Finalmente dio a conocer que \u201ccada vez que sucedi\u00f3 uno de los 32 episodios, se generaron desperdicios de la materia prima. Esas p\u00e9rdidas no tienen reintegro de parte de nadie, son todos costos que salen del bolsillo de la empresa y no son a favor de nadie\u201d.<\/p>\n<h6>Fuente: infocielo<\/h6>\n","protected":false},"excerpt":{"rendered":"<p>Las empresas del sector dieron a conocer que, a ra\u00edz de los tarifazos en el servicio de energ\u00eda el\u00e9ctrica, eval\u00faan echar a trabajadores para hacer frente a los gastos.<\/p>\n","protected":false},"author":2,"featured_media":72546,"comment_status":"closed","ping_status":"closed","sticky":false,"template":"","format":"standard","meta":{"footnotes":""},"categories":[8],"tags":[21],"class_list":["post-72545","post","type-post","status-publish","format-standard","has-post-thumbnail","hentry","category-informe-nacional","tag-argentina"],"_links":{"self":[{"href":"http:\/\/argentinamunicipal.com.ar\/argentina\/wp-json\/wp\/v2\/posts\/72545","targetHints":{"allow":["GET"]}}],"collection":[{"href":"http:\/\/argentinamunicipal.com.ar\/argentina\/wp-json\/wp\/v2\/posts"}],"about":[{"href":"http:\/\/argentinamunicipal.com.ar\/argentina\/wp-json\/wp\/v2\/types\/post"}],"author":[{"embeddable":true,"href":"http:\/\/argentinamunicipal.com.ar\/argentina\/wp-json\/wp\/v2\/users\/2"}],"replies":[{"embeddable":true,"href":"http:\/\/argentinamunicipal.com.ar\/argentina\/wp-json\/wp\/v2\/comments?post=72545"}],"version-history":[{"count":0,"href":"http:\/\/argentinamunicipal.com.ar\/argentina\/wp-json\/wp\/v2\/posts\/72545\/revisions"}],"wp:featuredmedia":[{"embeddable":true,"href":"http:\/\/argentinamunicipal.com.ar\/argentina\/wp-json\/wp\/v2\/media\/72546"}],"wp:attachment":[{"href":"http:\/\/argentinamunicipal.com.ar\/argentina\/wp-json\/wp\/v2\/media?parent=72545"}],"wp:term":[{"taxonomy":"category","embeddable":true,"href":"http:\/\/argentinamunicipal.com.ar\/argentina\/wp-json\/wp\/v2\/categories?post=72545"},{"taxonomy":"post_tag","embeddable":true,"href":"http:\/\/argentinamunicipal.com.ar\/argentina\/wp-json\/wp\/v2\/tags?post=72545"}],"curies":[{"name":"wp","href":"https:\/\/api.w.org\/{rel}","templated":true}]}}