{"id":72560,"date":"2018-01-29T08:07:44","date_gmt":"2018-01-29T11:07:44","guid":{"rendered":"http:\/\/argentinamunicipal.com.ar\/argentina\/?p=72560"},"modified":"2018-01-29T08:07:44","modified_gmt":"2018-01-29T11:07:44","slug":"triaca-anuncio-eliminara-planes-sociales-agudiza-desempleo-pais","status":"publish","type":"post","link":"http:\/\/argentinamunicipal.com.ar\/argentina\/triaca-anuncio-eliminara-planes-sociales-agudiza-desempleo-pais\/","title":{"rendered":"Triaca anunci\u00f3 que eliminar\u00e1 planes sociales y agudiza el desempleo en todo el pa\u00eds"},"content":{"rendered":"<p>Tras sus vacaciones forzadas, el lunes vuelve el ministro de Trabajo y tendr\u00e1 que responder al Congreso Nacional por la pol\u00edtica oficial de recortes en materia laboral.<\/p>\n<p>El ministro de Trabajo, Jorge Triaca, regresar\u00e1 el lunes de sus vacaciones forzadas tras el esc\u00e1ndalo por el caso de su empleada Sandra Heredia con un contrato en el SOMU y la oposici\u00f3n lo espera para interpelarlo.<\/p>\n<p>\u00abTriaca tiene muchas cosas que explicar\u00a0y el Parlamento es el lugar indicado para hacerlo, desde la contrataci\u00f3n irregular de una empleada dom\u00e9stica pasando por el manejo de los Planes Sociales que dependen de su cartera\u00bb, se\u00f1al\u00f3\u00a0el vicepresidente de la C\u00e1mara de Diputados de la Naci\u00f3n,\u00a0Jos\u00e9 Luis Gioja.<\/p>\n<p>\u00abSe est\u00e1 generando un caldo de cultivo para que se den conflictos sociales en distintos lugares del pa\u00eds\u00bb, dijo tras el encuentro con movimientos sociales que le informaron que en todo el pa\u00eds Triaca amenaz\u00f3 con quitar los planes sociales laborales.<\/p>\n<p>El caso de San Juan<br \/>\nSeg\u00fan una denuncia del diputado Gioja en San Juan, el ministerio de Trabajo anunci\u00f3 que\u00a0\u00abvan a dar de baja 13 mil planes sociales laborales\u00bb.<\/p>\n<p>\u00abEl Gobierno Nacional est\u00e1 generando un caldo de cultivo para que estalle un conflicto social en la Provincia\u00bb,\u00a0advirti\u00f3.<\/p>\n<p>Finalmente, aclar\u00f3:\u00a0\u00abMacri trata a San Juan\u00a0como a una provincia de \u00faltimo orden,\u00a0nos recortan fondos para obras p\u00fablicas,\u00a0buscan la divisi\u00f3n entre los sanjuaninos y ahora nos quieren generar un caldo de cultivo para que se provoque un conflicto social recortando planes.\u00bb<\/p>\n<h6>Fuetne: InfoNews<\/h6>\n","protected":false},"excerpt":{"rendered":"<p>Tras sus vacaciones forzadas, el lunes vuelve el ministro de Trabajo y tendr\u00e1 que responder al Congreso Nacional por la pol\u00edtica oficial de recortes en materia laboral.<\/p>\n","protected":false},"author":2,"featured_media":72561,"comment_status":"closed","ping_status":"closed","sticky":false,"template":"","format":"standard","meta":{"footnotes":""},"categories":[8],"tags":[21],"class_list":["post-72560","post","type-post","status-publish","format-standard","has-post-thumbnail","hentry","category-informe-nacional","tag-argentina"],"_links":{"self":[{"href":"http:\/\/argentinamunicipal.com.ar\/argentina\/wp-json\/wp\/v2\/posts\/72560","targetHints":{"allow":["GET"]}}],"collection":[{"href":"http:\/\/argentinamunicipal.com.ar\/argentina\/wp-json\/wp\/v2\/posts"}],"about":[{"href":"http:\/\/argentinamunicipal.com.ar\/argentina\/wp-json\/wp\/v2\/types\/post"}],"author":[{"embeddable":true,"href":"http:\/\/argentinamunicipal.com.ar\/argentina\/wp-json\/wp\/v2\/users\/2"}],"replies":[{"embeddable":true,"href":"http:\/\/argentinamunicipal.com.ar\/argentina\/wp-json\/wp\/v2\/comments?post=72560"}],"version-history":[{"count":0,"href":"http:\/\/argentinamunicipal.com.ar\/argentina\/wp-json\/wp\/v2\/posts\/72560\/revisions"}],"wp:featuredmedia":[{"embeddable":true,"href":"http:\/\/argentinamunicipal.com.ar\/argentina\/wp-json\/wp\/v2\/media\/72561"}],"wp:attachment":[{"href":"http:\/\/argentinamunicipal.com.ar\/argentina\/wp-json\/wp\/v2\/media?parent=72560"}],"wp:term":[{"taxonomy":"category","embeddable":true,"href":"http:\/\/argentinamunicipal.com.ar\/argentina\/wp-json\/wp\/v2\/categories?post=72560"},{"taxonomy":"post_tag","embeddable":true,"href":"http:\/\/argentinamunicipal.com.ar\/argentina\/wp-json\/wp\/v2\/tags?post=72560"}],"curies":[{"name":"wp","href":"https:\/\/api.w.org\/{rel}","templated":true}]}}