{"id":72569,"date":"2018-01-29T08:14:48","date_gmt":"2018-01-29T11:14:48","guid":{"rendered":"http:\/\/argentinamunicipal.com.ar\/argentina\/?p=72569"},"modified":"2018-01-29T08:14:48","modified_gmt":"2018-01-29T11:14:48","slug":"capacitaran-intendentes-edilesy-jefes-comunales-santafesinos","status":"publish","type":"post","link":"http:\/\/argentinamunicipal.com.ar\/argentina\/capacitaran-intendentes-edilesy-jefes-comunales-santafesinos\/","title":{"rendered":"Capacitar\u00e1n a intendentes, edilesy jefes comunales santafesinos"},"content":{"rendered":"<p>Los encuentros destinados a autoridades de cada localidad los har\u00e1 la provincia y se efectuar\u00e1n en las cinco regiones del territorio<\/p>\n<p>La provincia, a trav\u00e9s de Gobiern@, Escuela de Municipios y Comunas y la secretar\u00eda de Regiones Municipios y Comunas realizar\u00e1 durante febrero, una ronda de capacitaciones en las cinco regiones sobre procedimientos administrativos y de gesti\u00f3n. Las mismas est\u00e1n destinadas a autoridades locales y miembros de concejos deliberantes de todo el territorio provincial.<\/p>\n<p>El primer encuentro se realizar\u00e1 en Rosario este jueves 1\u00ba y el viernes 2 de febrero para las localidades de la Regi\u00f3n 4 conformada por los departamentos Iriondo, Rosario, San Lorenzo, Constituci\u00f3n, Caseros y Belgrano.<\/p>\n<p>Las inscripciones est\u00e1n abiertas y se realizan on line, ingresando a al enlace bit.ly\/gobierna y completando el formulario.<\/p>\n<p>Gobiern@ desarrolla estrategias para fortalecer las capacidades de gesti\u00f3n de los gobiernos locales y, desde fines de 2017, ampli\u00f3 su propuesta incorporando a los \u00f3rganos legislativos locales. En este marco, el pasado diciembre se llev\u00f3 a cabo una jornada de formaci\u00f3n para los concejos deliberantes de la Regi\u00f3n 1 Nodo Reconquista.<\/p>\n<p>Capacitaci\u00f3n para la regi\u00f3n 4<\/p>\n<p>El ciclo, que se inicia en la Regi\u00f3n 4 con sede en la ciudad de Rosario, se organiza en dos jornadas.<\/p>\n<p>El 1\u00ba de febrero, de 9 a 18, se realizar\u00e1 la capacitaci\u00f3n para autoridades locales. La misma se llevar\u00e1 a cabo en la sala Rodolfo Walsh, ubicada en el primer piso de la sede de gobierno en Rosario (San Lorenzo 1949, Rosario). En la oportunidad se abordar\u00e1 el marco jur\u00eddico y administrativo de los municipios y comunas, el marco presupuestario y financiero, la rendici\u00f3n de cuentas y algunos fondos de financiamientos espec\u00edficos. Adem\u00e1s, habr\u00e1 una instancia informativa a cargo de la secretar\u00eda de Protecci\u00f3n Civil de la provincia de Santa Fe sobre la gesti\u00f3n y prevenci\u00f3n de riesgos ante emergencias h\u00eddricas y cat\u00e1strofes clim\u00e1ticas.<\/p>\n<p>Asimismo, a trav\u00e9s de una feria de proyectos provinciales, los ministerios y secretar\u00edas de Estado presentar\u00e1n los programas destinados a los municipios y comunas, y habr\u00e1 stands informativos y de atenci\u00f3n donde se podr\u00e1n generar mayores articulaciones entre los gobiernos locales y los referentes ministeriales.<\/p>\n<p>En tanto que la jornada destinada a miembros de concejos deliberantes ser\u00e1 el viernes 2 de febrero, de 9 a 13, en el sal\u00f3n del Centro C\u00edvico de la Regi\u00f3n 4, ubicado tambi\u00e9n en la sede de gobierno de la ciudad de Rosario.<\/p>\n<p>La capacitaci\u00f3n est\u00e1 destinada, principalmente, a concejales recientemente electos y a sus equipos de trabajo, aunque tambi\u00e9n se convoca a legisladores locales que renovaron sus funciones. El objetivo es actualizar conocimientos ligados a este \u00e1mbito espec\u00edfico y abordar temas relativos al encuadre normativo y las principales funciones de este \u00f3rgano.<\/p>\n<p>Capacitaciones en otras regiones<\/p>\n<p>Para la Regi\u00f3n 3: departamentos La Capital, San Jer\u00f3nimo, Las Colonias, San Justo, San Javier y Garay se realizar\u00e1 en la ciudad de Santa Fe el martes 6 de febrero para concejos deliberantes y el mi\u00e9rcoles 7 para municipios y comunas.<\/p>\n<p>Asimismo para la Regi\u00f3n 2: departamentos San Crist\u00f3bal, Castellanos y San Mart\u00edn se llevar\u00e1 a cabo en Sunchales el jueves 15 de febrero para municipios y comunas y el viernes 16 para concejos deliberantes.<\/p>\n<p>En la Regi\u00f3n 1: departamentos Vera, 9 de Julio y General Obligado. Se desarrollar\u00e1 en Reconquista el martes 20 de febrero para municipios y comunas.<\/p>\n<p>Cabe destacar que en este caso la capacitaci\u00f3n destinada a concejales se realiz\u00f3 el 21 de diciembre pasado.<\/p>\n<p>En Venado Tuerto<\/p>\n<p>Para la Regi\u00f3n 5, departamento General L\u00f3pez, la capacitaci\u00f3n se llevar\u00e1 a cabo en la ciudad de Venado Tuerto el martes 27 de febrero para concejos deliberantes y el mi\u00e9rcoles 28 para municipios y comunas.<\/p>\n<p>Se detall\u00f3 que para obtener m\u00e1s informaci\u00f3n, los interesados pueden comunicarse al correo electr\u00f3nico gobierna@santafe.gov.ar o por tel\u00e9fono al n\u00famero 0342 4506600, interno 1018.<\/p>\n<h6>Fuente: La Capital Rosario<\/h6>\n","protected":false},"excerpt":{"rendered":"<p>Los encuentros destinados a autoridades de cada localidad los har\u00e1 la provincia y se efectuar\u00e1n en las cinco regiones del territorio<\/p>\n","protected":false},"author":2,"featured_media":72570,"comment_status":"closed","ping_status":"closed","sticky":false,"template":"","format":"standard","meta":{"footnotes":""},"categories":[2],"tags":[10],"class_list":["post-72569","post","type-post","status-publish","format-standard","has-post-thumbnail","hentry","category-informe-municipal","tag-santa-fe"],"_links":{"self":[{"href":"http:\/\/argentinamunicipal.com.ar\/argentina\/wp-json\/wp\/v2\/posts\/72569","targetHints":{"allow":["GET"]}}],"collection":[{"href":"http:\/\/argentinamunicipal.com.ar\/argentina\/wp-json\/wp\/v2\/posts"}],"about":[{"href":"http:\/\/argentinamunicipal.com.ar\/argentina\/wp-json\/wp\/v2\/types\/post"}],"author":[{"embeddable":true,"href":"http:\/\/argentinamunicipal.com.ar\/argentina\/wp-json\/wp\/v2\/users\/2"}],"replies":[{"embeddable":true,"href":"http:\/\/argentinamunicipal.com.ar\/argentina\/wp-json\/wp\/v2\/comments?post=72569"}],"version-history":[{"count":0,"href":"http:\/\/argentinamunicipal.com.ar\/argentina\/wp-json\/wp\/v2\/posts\/72569\/revisions"}],"wp:featuredmedia":[{"embeddable":true,"href":"http:\/\/argentinamunicipal.com.ar\/argentina\/wp-json\/wp\/v2\/media\/72570"}],"wp:attachment":[{"href":"http:\/\/argentinamunicipal.com.ar\/argentina\/wp-json\/wp\/v2\/media?parent=72569"}],"wp:term":[{"taxonomy":"category","embeddable":true,"href":"http:\/\/argentinamunicipal.com.ar\/argentina\/wp-json\/wp\/v2\/categories?post=72569"},{"taxonomy":"post_tag","embeddable":true,"href":"http:\/\/argentinamunicipal.com.ar\/argentina\/wp-json\/wp\/v2\/tags?post=72569"}],"curies":[{"name":"wp","href":"https:\/\/api.w.org\/{rel}","templated":true}]}}