{"id":72593,"date":"2018-01-30T07:32:53","date_gmt":"2018-01-30T10:32:53","guid":{"rendered":"http:\/\/argentinamunicipal.com.ar\/argentina\/?p=72593"},"modified":"2018-01-30T07:32:53","modified_gmt":"2018-01-30T10:32:53","slug":"las-organizaciones-se-suman","status":"publish","type":"post","link":"http:\/\/argentinamunicipal.com.ar\/argentina\/las-organizaciones-se-suman\/","title":{"rendered":"Las organizaciones se suman"},"content":{"rendered":"<p>Si no tienen respuesta a sus reclamos, Barrios de Pie, la CTEP y la CCC se sumar\u00e1n a la movilizaci\u00f3n que Hugo y Pablo Moyano convocaron para el 22 de febrero contra las pol\u00edticas oficiales. El Gobierno dar\u00e1 de baja 28 mil planes.<\/p>\n<p>El referente de Barrios de Pie, Daniel Men\u00e9ndez, confirm\u00f3 que las organizaciones sociales se sumar\u00e1n a la marcha que Hugo, Pablo Moyano y el gremio de Camioneros convocaron para el 22 de febrero contra el Gobierno y destac\u00f3 entre las razones la necesidad de articular los reclamos con el conjunto del movimiento obrero. Men\u00e9ndez se reuni\u00f3 ayer con dirigentes de la Confederaci\u00f3n de Trabajadores de la Econom\u00eda Popular (CTEP) y la Corriente Clasista y Combativa y anticiparon que \u201csi el Gobierno no reabre el di\u00e1logo que rompi\u00f3, se prev\u00e9n grandes movilizaciones a nivel nacional para la segunda quincena de febrero\u201d y se declararon en \u201cestado de alerta\u201d. Adem\u00e1s, las organizaciones sociales nucleadas en el Frente de Organizaciones en Lucha (FOL) tambi\u00e9n anunciaron que durante febrero impulsar\u00e1n acciones de protesta \u201cpara reclamar por paritarias para el sector de trabajadores precarizados, nuevos puestos de trabajo y obras para los barrios m\u00e1s postergados\u201d, por lo que el verano continuar\u00e1 adverso para el gobierno en las calles.<\/p>\n<p>Men\u00e9ndez resalt\u00f3 como otros motivos para acompa\u00f1ar la movilizaci\u00f3n la \u201csituaci\u00f3n social cada vez m\u00e1s compleja\u201d, debido a la ola de despidos en el Estado, la no promoci\u00f3n de la ley de emergencia alimentaria y la decisi\u00f3n del Gobierno \u2013filtrada a los medios afines\u2013 de recortar programas de empleo del Ministerio de Trabajo por presuntas irregularidades. \u201cEncima lo hacen con un ministro que es una irregularidad caminando, con una estatura moral bastante limitada, por negrero y corrupto\u201d, agreg\u00f3 Men\u00e9ndez, en di\u00e1logo con P\u00e1ginaI12. Barrios de Pie tambi\u00e9n eval\u00faa movilizarse el 15 de febrero \u201cpor las cuestiones que afectan directamente a los sectores m\u00e1s humildes\u201d.<\/p>\n<p>Las organizaciones se enteraron de un recorte del 10 por ciento de los planes de subsidio al desempleo de la cartera de Jorge Triaca por los medios de comunicaci\u00f3n y a\u00fan no han recibido informaci\u00f3n oficial. De confirmarse, afectar\u00eda a 28.000 personas. \u201cDe haber irregularidades, hay que denunciarlas. El mismo gobierno en la figura de Triaca fue el que cuando intervino el SOMU termin\u00f3 poniendo all\u00ed una cantidad de punteros pol\u00edticos oficialistas, por lo que irregularidades en la implementaci\u00f3n de pol\u00edticas p\u00fablicas existen, lo que no puede ser es que eso prive del beneficio a la persona que tiene una necesidad\u201d, afirm\u00f3 Men\u00e9ndez.<\/p>\n<p>En referencia al reclamo por la sanci\u00f3n de la ley de Emergencia Alimentaria por el que Barrios de Pie se moviliz\u00f3 el mi\u00e9rcoles, Men\u00e9ndez sostuvo que no hubo avances y que \u201chay una intenci\u00f3n clara en el gobierno de no avanzar con la ley\u201d. Adem\u00e1s, el dirigente denunci\u00f3 que \u201cel Ministerio de Desarrollo Social ha perdido totalmente el rumbo en relaci\u00f3n con la pol\u00edtica social, que en un inicio hab\u00eda buscado que el ajuste no impactara de lleno sobre los sectores m\u00e1s humildes. Hoy s\u00f3lo est\u00e1 enfocado en bajar el d\u00e9ficit\u201d. Men\u00e9ndez agreg\u00f3 que \u201ctratan de presentar alternativas con un programa de protecci\u00f3n social que no es m\u00e1s que un c\u00famulo de buenas intenciones sin presupuesto. Todo eso genera mayor conflictividad. Han perdido el rumbo respecto de la gravedad de la situaci\u00f3n social\u201d.<\/p>\n<p>Sobre los anuncios realizados ayer por el presidente Mauricio Macri en materia de ajuste del gasto en la estructura pol\u00edtica del Estado y la decisi\u00f3n de desvincular a los familiares de funcionarios que ejerc\u00edan funciones, Men\u00e9ndez opin\u00f3 que \u201ces una muestra de circo enorme. Lo que deber\u00edan haber hecho es una autocr\u00edtica\u201d. Adem\u00e1s, agreg\u00f3 que \u201ces una puesta en escena que permite construir un manto de supuesta austeridad que les permita avanzar en lo que realmente les parece sustancial, el recorte del gasto social, que es donde est\u00e1 el grueso del recorte que se plantean. Y si fue un hecho tan cuestionable, deber\u00edan dar explicaciones los ministros que pusieron en el cargo a todos los familiares, no solo echarlos\u201d.<\/p>\n<h6>Fuente: P\u00e1gina 12<\/h6>\n","protected":false},"excerpt":{"rendered":"<p>Si no tienen respuesta a sus reclamos, Barrios de Pie, la CTEP y la CCC se sumar\u00e1n a la movilizaci\u00f3n que Hugo y Pablo Moyano convocaron para el 22 de febrero contra las pol\u00edticas oficiales. El Gobierno dar\u00e1 de baja 28 mil planes.<\/p>\n","protected":false},"author":2,"featured_media":72594,"comment_status":"closed","ping_status":"closed","sticky":false,"template":"","format":"standard","meta":{"footnotes":""},"categories":[8],"tags":[21],"class_list":["post-72593","post","type-post","status-publish","format-standard","has-post-thumbnail","hentry","category-informe-nacional","tag-argentina"],"_links":{"self":[{"href":"http:\/\/argentinamunicipal.com.ar\/argentina\/wp-json\/wp\/v2\/posts\/72593","targetHints":{"allow":["GET"]}}],"collection":[{"href":"http:\/\/argentinamunicipal.com.ar\/argentina\/wp-json\/wp\/v2\/posts"}],"about":[{"href":"http:\/\/argentinamunicipal.com.ar\/argentina\/wp-json\/wp\/v2\/types\/post"}],"author":[{"embeddable":true,"href":"http:\/\/argentinamunicipal.com.ar\/argentina\/wp-json\/wp\/v2\/users\/2"}],"replies":[{"embeddable":true,"href":"http:\/\/argentinamunicipal.com.ar\/argentina\/wp-json\/wp\/v2\/comments?post=72593"}],"version-history":[{"count":0,"href":"http:\/\/argentinamunicipal.com.ar\/argentina\/wp-json\/wp\/v2\/posts\/72593\/revisions"}],"wp:featuredmedia":[{"embeddable":true,"href":"http:\/\/argentinamunicipal.com.ar\/argentina\/wp-json\/wp\/v2\/media\/72594"}],"wp:attachment":[{"href":"http:\/\/argentinamunicipal.com.ar\/argentina\/wp-json\/wp\/v2\/media?parent=72593"}],"wp:term":[{"taxonomy":"category","embeddable":true,"href":"http:\/\/argentinamunicipal.com.ar\/argentina\/wp-json\/wp\/v2\/categories?post=72593"},{"taxonomy":"post_tag","embeddable":true,"href":"http:\/\/argentinamunicipal.com.ar\/argentina\/wp-json\/wp\/v2\/tags?post=72593"}],"curies":[{"name":"wp","href":"https:\/\/api.w.org\/{rel}","templated":true}]}}