{"id":72602,"date":"2018-01-30T06:39:46","date_gmt":"2018-01-30T09:39:46","guid":{"rendered":"http:\/\/argentinamunicipal.com.ar\/argentina\/?p=72602"},"modified":"2018-01-30T07:41:36","modified_gmt":"2018-01-30T10:41:36","slug":"macri-reduce-25-los-cargos-ejecutivos-no-habra-aumentos-funcionarios","status":"publish","type":"post","link":"http:\/\/argentinamunicipal.com.ar\/argentina\/macri-reduce-25-los-cargos-ejecutivos-no-habra-aumentos-funcionarios\/","title":{"rendered":"Macri reduce el 25% de los cargos ejecutivos y no habr\u00e1 aumentos para funcionarios"},"content":{"rendered":"<p>As\u00ed lo anunci\u00f3 tras su vuelta de Europa. Adem\u00e1s, prometi\u00f3 que firmar\u00e1 un decreto para que los familiares de los ministros no puedan formar parte del gobierno.<\/p>\n<p>El presidente Mauricio\u00a0Macri\u00a0anunci\u00f3 un plan de recortes en el Estado tras su vuelta de Europa que afecta directamente al Poder Ejecutivo.<\/p>\n<p>\u201cVamos a reducir uno de cada cuatro cargos pol\u00edticos del Poder Ejecutivo Nacional, este a\u00f1o los funcionarios no tendr\u00e1n un aumento de sueldo y a partir de ahora los familiares de los ministros no van a poder ser parte del gobierno\u201d, adelant\u00f3 Macri.<\/p>\n<p>\u201cCuando llegamos el Estado era una mara\u00f1a burocr\u00e1tica\u201d, argument\u00f3 sobre una estructura que defini\u00f3 como \u201cvertical\u201d y prometi\u00f3 cambios para crear \u00abnuevas estructuras, m\u00e1s \u00e1giles, m\u00e1s atentas y preparadas para funcionar mejor, que significa solucionar los problemas de la gente\u00bb.<\/p>\n<p>El jefe de Estado dijo que se recortar\u00e1 \u201ccerca de un 25% de cargos pol\u00edticos\u201d con lo que\u00a0se ahorrar\u00e1n \u201c1.500 millones de pesos por a\u00f1o\u201d.<\/p>\n<p>Tambi\u00e9n dijo que\u00a0\u201ceste a\u00f1o no habr\u00e1 paritarias para los funcionarios del gobierno\u201d. Esto es, para \u201clos que tengan designaci\u00f3n pol\u00edtica\u201d.<\/p>\n<p>\u201cVoy a firmar un decreto para que ning\u00fan ministro pueda tener familiares en el gobierno y s\u00e9 que con esa medida vamos a perder colaboradores muy importantes\u201d, argument\u00f3.<\/p>\n<p>Actualmente hay 20 ministerios, 87 secretar\u00edas de Estado, 207 subsecretarias, 687 direcciones nacionales y generales, 122 institutos y organismos.<\/p>\n<h6>Fuente: InfoNews<\/h6>\n","protected":false},"excerpt":{"rendered":"<p>As\u00ed lo anunci\u00f3 tras su vuelta de Europa. Adem\u00e1s, prometi\u00f3 que firmar\u00e1 un decreto para que los familiares de los ministros no puedan formar parte del gobierno.<\/p>\n","protected":false},"author":2,"featured_media":72603,"comment_status":"closed","ping_status":"closed","sticky":false,"template":"","format":"standard","meta":{"footnotes":""},"categories":[8],"tags":[21],"class_list":["post-72602","post","type-post","status-publish","format-standard","has-post-thumbnail","hentry","category-informe-nacional","tag-argentina"],"_links":{"self":[{"href":"http:\/\/argentinamunicipal.com.ar\/argentina\/wp-json\/wp\/v2\/posts\/72602","targetHints":{"allow":["GET"]}}],"collection":[{"href":"http:\/\/argentinamunicipal.com.ar\/argentina\/wp-json\/wp\/v2\/posts"}],"about":[{"href":"http:\/\/argentinamunicipal.com.ar\/argentina\/wp-json\/wp\/v2\/types\/post"}],"author":[{"embeddable":true,"href":"http:\/\/argentinamunicipal.com.ar\/argentina\/wp-json\/wp\/v2\/users\/2"}],"replies":[{"embeddable":true,"href":"http:\/\/argentinamunicipal.com.ar\/argentina\/wp-json\/wp\/v2\/comments?post=72602"}],"version-history":[{"count":0,"href":"http:\/\/argentinamunicipal.com.ar\/argentina\/wp-json\/wp\/v2\/posts\/72602\/revisions"}],"wp:featuredmedia":[{"embeddable":true,"href":"http:\/\/argentinamunicipal.com.ar\/argentina\/wp-json\/wp\/v2\/media\/72603"}],"wp:attachment":[{"href":"http:\/\/argentinamunicipal.com.ar\/argentina\/wp-json\/wp\/v2\/media?parent=72602"}],"wp:term":[{"taxonomy":"category","embeddable":true,"href":"http:\/\/argentinamunicipal.com.ar\/argentina\/wp-json\/wp\/v2\/categories?post=72602"},{"taxonomy":"post_tag","embeddable":true,"href":"http:\/\/argentinamunicipal.com.ar\/argentina\/wp-json\/wp\/v2\/tags?post=72602"}],"curies":[{"name":"wp","href":"https:\/\/api.w.org\/{rel}","templated":true}]}}