{"id":72609,"date":"2018-01-30T06:00:50","date_gmt":"2018-01-30T09:00:50","guid":{"rendered":"http:\/\/argentinamunicipal.com.ar\/argentina\/?p=72609"},"modified":"2018-01-30T07:48:40","modified_gmt":"2018-01-30T10:48:40","slug":"las-piruetas-los-medios-oficialistas-intento-disimular-fracaso-macri-europa","status":"publish","type":"post","link":"http:\/\/argentinamunicipal.com.ar\/argentina\/las-piruetas-los-medios-oficialistas-intento-disimular-fracaso-macri-europa\/","title":{"rendered":"Las piruetas de los medios oficialistas en su intento de disimular el fracaso de Macri en Europa"},"content":{"rendered":"<p>El gran objetivo del mandatario argentino era destrabar el acuerdo del Mercosur con la Uni\u00f3n Europea, pero la firme posici\u00f3n del presidente de Francia dio por tierra con esa ilusi\u00f3n.<\/p>\n<p>El presidente argentino Mauricio\u00a0Macri so\u00f1aba con anunciar en Par\u00eds\u00a0que, tras la reuni\u00f3n que mantuvo con su par franc\u00e9s Emmanuel Macron, hab\u00eda logradodestrabar el acuerdo\u00a0entre la Uni\u00f3n Europea y el Mercosur.<\/p>\n<p>Sin embargo, sin resignar los modos amables,\u00a0el mandatario galo se neg\u00f3 a avanzar en ese sentido. En la conferencia de prensa que ofrecieron luego del encuentro, Macron se\u00f1al\u00f3: \u00abLa idea del acuerdo es pertinente y seguramente ser\u00e1 ben\u00e9fico para ambos pa\u00edses, pero\u00a0hoy expres\u00e9 al presidente Macri mis preocupaciones, en particular en lo que concierne a la carne bovina\u00bb.<\/p>\n<p>\u00abFrancia tiene la obligaci\u00f3n de respetar el sector bovino y\u00a0un acuerdo podr\u00eda ser desestabilizador\u00a0para ese sector excelente\u00bb, agreg\u00f3.<\/p>\n<p>Sin la posibilidad de difundir el \u00e9xito diplom\u00e1tico y comercial que finalmente no lleg\u00f3, los medios afines al Gobierno\u00a0tuvieron que resignarse a disfrazar lo m\u00e1ximo posible el rev\u00e9s\u00a0que sufri\u00f3 Macri.<\/p>\n<p>En ese sentido,\u00a0prefierieron publicar t\u00edtulos en los que se hac\u00eda referencia a una obviedad: que \u00abse seguir\u00e1 negociando\u00bb. As\u00ed lo hicieron de manera casi calcada\u00a0La Naci\u00f3n\u00a0e\u00a0Infobae.\u00a0Clar\u00edn, en cambio, se permiti\u00f3 la audacia de expresar que \u00abMacron puso un freno\u00bb, aunque de inmediato agreg\u00f3 que \u00absiguen las negociaciones\u00bb.<\/p>\n<p>Par compensar la osad\u00eda,\u00a0en una nota aparte el gran diario argentino titul\u00f3 directamente aludiendo a las \u00abcoincidencias\u00bb\u00a0de ambos mandatarios \u00aben Davos y en sus agendas\u00bb.<\/p>\n<h6>Fuente: InfoNews<\/h6>\n","protected":false},"excerpt":{"rendered":"<p>El gran objetivo del mandatario argentino era destrabar el acuerdo del Mercosur con la Uni\u00f3n Europea, pero la firme posici\u00f3n del presidente de Francia dio por tierra con esa ilusi\u00f3n.<\/p>\n","protected":false},"author":2,"featured_media":72611,"comment_status":"closed","ping_status":"closed","sticky":false,"template":"","format":"standard","meta":{"footnotes":""},"categories":[8],"tags":[21],"class_list":["post-72609","post","type-post","status-publish","format-standard","has-post-thumbnail","hentry","category-informe-nacional","tag-argentina"],"_links":{"self":[{"href":"http:\/\/argentinamunicipal.com.ar\/argentina\/wp-json\/wp\/v2\/posts\/72609","targetHints":{"allow":["GET"]}}],"collection":[{"href":"http:\/\/argentinamunicipal.com.ar\/argentina\/wp-json\/wp\/v2\/posts"}],"about":[{"href":"http:\/\/argentinamunicipal.com.ar\/argentina\/wp-json\/wp\/v2\/types\/post"}],"author":[{"embeddable":true,"href":"http:\/\/argentinamunicipal.com.ar\/argentina\/wp-json\/wp\/v2\/users\/2"}],"replies":[{"embeddable":true,"href":"http:\/\/argentinamunicipal.com.ar\/argentina\/wp-json\/wp\/v2\/comments?post=72609"}],"version-history":[{"count":0,"href":"http:\/\/argentinamunicipal.com.ar\/argentina\/wp-json\/wp\/v2\/posts\/72609\/revisions"}],"wp:featuredmedia":[{"embeddable":true,"href":"http:\/\/argentinamunicipal.com.ar\/argentina\/wp-json\/wp\/v2\/media\/72611"}],"wp:attachment":[{"href":"http:\/\/argentinamunicipal.com.ar\/argentina\/wp-json\/wp\/v2\/media?parent=72609"}],"wp:term":[{"taxonomy":"category","embeddable":true,"href":"http:\/\/argentinamunicipal.com.ar\/argentina\/wp-json\/wp\/v2\/categories?post=72609"},{"taxonomy":"post_tag","embeddable":true,"href":"http:\/\/argentinamunicipal.com.ar\/argentina\/wp-json\/wp\/v2\/tags?post=72609"}],"curies":[{"name":"wp","href":"https:\/\/api.w.org\/{rel}","templated":true}]}}