{"id":73481,"date":"2018-03-02T07:27:38","date_gmt":"2018-03-02T10:27:38","guid":{"rendered":"http:\/\/argentinamunicipal.com.ar\/argentina\/?p=73481"},"modified":"2018-03-02T07:26:30","modified_gmt":"2018-03-02T10:26:30","slug":"denuncian-consenso-fiscal-los-municipios-argentinos-perderan-mas-2-300-millones","status":"publish","type":"post","link":"http:\/\/argentinamunicipal.com.ar\/argentina\/denuncian-consenso-fiscal-los-municipios-argentinos-perderan-mas-2-300-millones\/","title":{"rendered":"Denuncian que con el Consenso Fiscal los Municipios Argentinos perder\u00e1n m\u00e1s de $2.300 millones"},"content":{"rendered":"<p class=\"p1\"><span class=\"s1\">En di\u00e1logo con Argentina Municipal, el dirigente gremial, advirti\u00f3 sobre el impacto econ\u00f3mico que tendr\u00e1 en las finanzas municipales de todo el pa\u00eds el Consenso Fiscal que los Gobernadores firmaron con el Presidente Macri y que fuera aprobado por el Congreso Nacional como tambi\u00e9n por varias legislaturas provinciales.<\/span><span class=\"s1\">\u00a0<\/span><\/p>\n<p class=\"p1\"><span class=\"s1\">Se trata de un recorte por m\u00e1s de $2.300 millones para todos los Municipios del pa\u00eds, con excepci\u00f3n de la Provincia de Buenos Aires. De acuerdo a la letra del Consenso Fiscal, la compensaci\u00f3n que reciben las provincias por la eliminaci\u00f3n del Fondo del Conurbano y el fin del reparto del Impuesto al Cheque, asciende a unos $16.000 millones, los cuales no podr\u00e1n ser distribu\u00eddos entre los municipios, a diferencia de lo que suced\u00eda con el esquema anterior.<\/span><\/p>\n<p><span class=\"s1\">No obstante, la normativa del Pacto Fiscal otorga destinos determinados a esos fondos. \u00abLa compensaci\u00f3n ser\u00e1 administrada por cada jurisdicci\u00f3n y se destinar\u00e1 a inversiones en infraestructura sanitaria, educativa, hospitalaria, productiva, de vivienda o vial en sus \u00e1mbitos urbanos o rurales\u00bb, afirma el inciso del acuerdo. De esta forma, queda te\u00f3ricamente eximida de la coparticipaci\u00f3n a Municipios. Para Leoni, los gobernadores le entregaron discrecionalidad al gobierno central y se aseguraron para ellos las mismas facultades para con los gobiernos locales de sus provincias.<\/span><\/p>\n<p class=\"p1\"><span class=\"s1\">El monto que perder\u00e1n los Municipios implica incrementar el d\u00e9ficit consolidado de los Estados Municipales Argentinos en un 23%, seg\u00fan los datos del Observatorio Fiscal Federal para valores tomados a fines del 2016.<\/span><span class=\"s1\">\u00a0<\/span><\/p>\n<p class=\"p1\"><span class=\"s1\">\u201cSi los Intendentes que levantan la voz en reclamo de la Autonom\u00eda Municipal, lo hicieran en defensa de los recursos de sus pueblos y ciudades, este golpe a las finanzas municipales no ocurrir\u00eda\u201d asegur\u00f3 el sindicalista.<\/span><\/p>\n<p class=\"p1\"><span class=\"s1\">\u201cEsto es parte del Modelo Econ\u00f3mico que instrumenta el Gobierno Nacional, pues m\u00e1s all\u00e1 de la asistencia que les brinda a los Intendentes aliados, para mantener su poder pol\u00edtico, esto siempre lo pagan los sectores m\u00e1s vulnerables de nuestras localidades, con la p\u00e9rdida de los servicios y la ausencia del Estado Local para asistirlos y obviamente tambi\u00e9n sus trabajadores\u201d.<\/span><\/p>\n<p class=\"p1\"><span class=\"s1\">Claudio Leoni, del gremio municipal e integrante de la Corriente Federal de Trabajadores, dijo que esto es parte del \u201cmodelo de ajuste\u201d; y que las leyes de Responsabilidad Fiscal y Reforma Tributaria que impuls\u00f3 el Gobierno Nacional, ser\u00e1n nefastas para los Municipios y los trabajadores del sector. \u201dParece que los funcionarios pol\u00edticos de los municipios no reaccionan\u201d. La ca\u00edda de los recursos de distribuci\u00f3n por el Fondo Federal Solidario (Reducci\u00f3n de Impuesto por Exportaci\u00f3n de Soja) pasar\u00e1n del 35% vigente en el 2015, a 18% en el 2020, lo que implica una masa de fondos extraordinaria que se traslada de las arcas municipales a las empresas exportadoras y los pooles de siembra.<\/span><\/p>\n<p class=\"p1\"><span class=\"s1\">Adem\u00e1s de advertir que se cercenan derechos recaudatorios a los municipios y se atenta contra las autonom\u00edas provinciales y municipales, Leoni tambi\u00e9n denunci\u00f3 que la Reforma Fiscal y Tributaria generar\u00e1 p\u00e9rdidas de puestos de trabajo, flexibilizaci\u00f3n laboral, reducci\u00f3n del poder adquisitivo del salario, congelamiento de vacantes, programas de retiros para el personal municipal y jubilaciones anticipadas.<\/span><\/p>\n<p class=\"p1\"><span class=\"s1\">Asimismo el Secretario General de FESTRAM Santa Fe, advirti\u00f3 que \u201csi los dirigentes pol\u00edticos que est\u00e1n m\u00e1s cerca de los problemas de la gente no reaccionan frente a estas transferencias de recursos de la mayor\u00eda de la poblaci\u00f3n hacia las corporaciones econ\u00f3micas, los trabajadores municipales resistiremos el ajuste a lo largo y a lo ancho del pa\u00eds\u201d<\/span><\/p>\n<p class=\"p2\"><span class=\"s2\">Por \u00faltimo, Leoni convoc\u00f3 a los Intendentes a generar un acuerdo con los gremios municipales y otros actores locales, para defender los intereses de sus comunidades y de sus trabajadores.<\/span><\/p>\n","protected":false},"excerpt":{"rendered":"<p>El dirigente sindical de los municipales, Claudio Leoni, reclam\u00f3 la reacci\u00f3n de los Intendentes.\u00a0<\/p>\n","protected":false},"author":1,"featured_media":73482,"comment_status":"closed","ping_status":"closed","sticky":false,"template":"","format":"standard","meta":{"footnotes":""},"categories":[8],"tags":[21],"class_list":["post-73481","post","type-post","status-publish","format-standard","has-post-thumbnail","hentry","category-informe-nacional","tag-argentina"],"_links":{"self":[{"href":"http:\/\/argentinamunicipal.com.ar\/argentina\/wp-json\/wp\/v2\/posts\/73481","targetHints":{"allow":["GET"]}}],"collection":[{"href":"http:\/\/argentinamunicipal.com.ar\/argentina\/wp-json\/wp\/v2\/posts"}],"about":[{"href":"http:\/\/argentinamunicipal.com.ar\/argentina\/wp-json\/wp\/v2\/types\/post"}],"author":[{"embeddable":true,"href":"http:\/\/argentinamunicipal.com.ar\/argentina\/wp-json\/wp\/v2\/users\/1"}],"replies":[{"embeddable":true,"href":"http:\/\/argentinamunicipal.com.ar\/argentina\/wp-json\/wp\/v2\/comments?post=73481"}],"version-history":[{"count":0,"href":"http:\/\/argentinamunicipal.com.ar\/argentina\/wp-json\/wp\/v2\/posts\/73481\/revisions"}],"wp:featuredmedia":[{"embeddable":true,"href":"http:\/\/argentinamunicipal.com.ar\/argentina\/wp-json\/wp\/v2\/media\/73482"}],"wp:attachment":[{"href":"http:\/\/argentinamunicipal.com.ar\/argentina\/wp-json\/wp\/v2\/media?parent=73481"}],"wp:term":[{"taxonomy":"category","embeddable":true,"href":"http:\/\/argentinamunicipal.com.ar\/argentina\/wp-json\/wp\/v2\/categories?post=73481"},{"taxonomy":"post_tag","embeddable":true,"href":"http:\/\/argentinamunicipal.com.ar\/argentina\/wp-json\/wp\/v2\/tags?post=73481"}],"curies":[{"name":"wp","href":"https:\/\/api.w.org\/{rel}","templated":true}]}}