{"id":73616,"date":"2018-03-02T06:44:35","date_gmt":"2018-03-02T09:44:35","guid":{"rendered":"http:\/\/argentinamunicipal.com.ar\/argentina\/?p=73616"},"modified":"2018-03-02T06:44:35","modified_gmt":"2018-03-02T09:44:35","slug":"suecia-lo-aplaudieron-pie","status":"publish","type":"post","link":"http:\/\/argentinamunicipal.com.ar\/argentina\/suecia-lo-aplaudieron-pie\/","title":{"rendered":"En Suecia lo aplaudieron de pie"},"content":{"rendered":"<p>El Presidente repiti\u00f3 las mismas frases que dice desde hace dos a\u00f1os. Afirm\u00f3 que hay un \u201ccrecimiento invisible\u201d, que la inflaci\u00f3n \u201cest\u00e1 bajando\u201d y que \u201cya pas\u00f3 lo peor\u201d. Ratific\u00f3 su rechazo a la legalizaci\u00f3n del aborto pero aval\u00f3 el debate.<\/p>\n<p>Promesas, autoelogios y \u00e9pica new age. Esa fue la receta que aplic\u00f3 el presidente Mauricio Macri durante los 40 minutos exactos que dur\u00f3 ayer la inauguraci\u00f3n del per\u00edodo 136 de sesiones ordinarias del Congreso Nacional. Con un estilo menos confrontativo y en un auditorio m\u00e1s calmo que en ocasiones anteriores, Macri repiti\u00f3 sus vaticinios de un futuro mejor, con crecimiento, desarrollo e inversiones. Desgast\u00f3 la frase: \u201cya pas\u00f3 lo peor\u201d, usada en distintas oportunidades durante 2016 y 2017. \u201cEl salario le gan\u00f3 a la inflaci\u00f3n\u201d, dijo y asegur\u00f3 que va \u201cseguir bajando\u201d pese a que su gobierno err\u00f3 los pron\u00f3sticos desde que comenz\u00f3 su gesti\u00f3n. Sin centrarse en datos ni estad\u00edsticas, se inclin\u00f3 por un discurso cargado de apelaciones emotivas y se refiri\u00f3 s\u00f3lo a un pu\u00f1ado de proyectos legislativos, que pidi\u00f3 que sean tratados durante este a\u00f1o. Dos de ellos provenientes de la fallida reforma laboral: el blanqueo y la ampliaci\u00f3n de las licencias por paternidad. Tambi\u00e9n adelant\u00f3 el env\u00edo de las reformas de los c\u00f3digos Penal y Procesal Penal y apoy\u00f3 nuevamente la llamada \u201cdoctrina Chocobar\u201d. Otro de los puntos salientes fue la ratificaci\u00f3n de su rechazo a la legalizaci\u00f3n del aborto que incluy\u00f3 el llamado al Congreso a dar un debate \u201cmaduro\u201d y \u201cresponsable\u201d. Sin hacer alusiones concretas, desliz\u00f3 una cr\u00edtica a los gremios docentes. El cierre cont\u00f3 con una t\u00edpica arenga macrista: llam\u00f3 a sentir \u201cel orgullo de pertenecer a la generaci\u00f3n que est\u00e1 cambiando la Argentina para siempre\u201d. Los legisladores oficialistas respondieron entonando el cl\u00e1sico \u201cs\u00ed, se puede\u201d.<\/p>\n<p>Puntual, Macri comenz\u00f3 su discurso apenas 3 minutos despu\u00e9s de las 11 de la ma\u00f1ana. En las bancas del Frente de Izquierda hab\u00eda un pu\u00f1ado de carteles que reclamaban contra los despidos en el Hospital Posadas, Fanazul, R\u00edo Turbio, el INTI, adem\u00e1s de exigir la despenalizaci\u00f3n del aborto. El grueso de los legisladores del Frente para la Victoria y el Movimiento Evita, entre otros opositores, ten\u00eda el pa\u00f1uelo verde a favor de la legalizaci\u00f3n de la interrupci\u00f3n voluntaria del embarazo. A los laterales del estrado se ubicaban los invitados especiales: el Gabinete nacional en pleno, salvo por Jorge Triaca que se encontraba de viaje; los cinco miembros de la Corte Suprema y varios gobernadores provinciales, con algunas ausencias de mandatarios del PJ. Arriba, en las galer\u00edas, no hab\u00eda referentes gremiales, ni de movimientos sociales, ni de organismos de derechos humanos.<\/p>\n<p>Flanqueado por la vicepresidenta Gabriela Michetti; el titular de la C\u00e1mara de Diputados, Emilio Monz\u00f3; y el presidente provisional del Senado, Federico Pinedo; Macri ley\u00f3 con soltura buena parte de su discurso. Arranc\u00f3 con un recuerdo a los tripulantes del submarino ARA San Juan, que el Gobierno ya dej\u00f3 de buscar pese al reclamo de los familiares de continuar el rastrillaje. En ese momento, la diputada kirchnerista Araceli Ferreyra le grit\u00f3 desde su banca \u201cb\u00fasquenlo, b\u00fasquenlo\u201d. Fue pr\u00e1cticamente el \u00fanico momento fuera de libreto. No hubo ninguna alusi\u00f3n al reclamo de soberan\u00eda por las Islas Malvinas ni al reclamo de Justicia por el atentado a la AMIA.<\/p>\n<p>El inicio del discurso fue para ratificar el camino del \u201ccambio con gradualismo\u201d, en contraposici\u00f3n a los sectores que le reclaman un ajuste todav\u00eda m\u00e1s brutal. \u201cVamos a dejar de endeudarnos y van a llegar las inversiones\u201d, asegur\u00f3 pese a que la argentina en \u00e9stos dos a\u00f1os se convirti\u00f3 en el pa\u00eds emergente que mayor deuda emiti\u00f3 en todo el mundo.<\/p>\n<p>Sin mencionar que el d\u00e9ficit fiscal todav\u00eda es mayor al que exist\u00eda a fin de 2015, Macri ratific\u00f3 su intenci\u00f3n de continuar el recorte: \u201cNo podemos gastar m\u00e1s de lo que tenemos\u201d, afirm\u00f3.<\/p>\n<p>El presidente no evit\u00f3 el tema de la inflaci\u00f3n, aunque dibuj\u00f3 un panorama alentador. Remarc\u00f3 que \u201cest\u00e1 bajando\u201d en comparaci\u00f3n con a\u00f1os anteriores. Lejos de los datos de las propias estad\u00edsticas oficiales sobre el mercado laboral, que indican una precarizaci\u00f3n general y una ca\u00edda del empleo industrial, Macri habl\u00f3 de 270 mil puestos de trabajo nuevos.<\/p>\n<p>Durante un pasaje Macri se refiri\u00f3 a los beneficios de internet. Reproch\u00f3 que \u201cestamos atrasados respecto de otros pa\u00edses\u201d en cuanto a la sanci\u00f3n de nueva ley de telecomunicaciones y tecnolog\u00edas de la informaci\u00f3n, aunque omiti\u00f3 contar que la Ley de Servicios de Comunicaci\u00f3n Audiovisual fue derogada casi en su totalidad por un decreto suyo de 2015 y que desde entonces est\u00e1 en mora con la promesa de enviar una iniciativa al Congreso. Otro p\u00e1rrafo importante le dedic\u00f3 a los parques nacionales y el uso del espacio p\u00fablico. Anunci\u00f3 que crear\u00e1 en Campo de Mayo, donde funcion\u00f3 uno de los mayores centros clandestinos de detenci\u00f3n durante la dictadura, \u201cuno de los Parques Nacionales urbanos m\u00e1s grandes del mundo\u201d. En ese momento, las c\u00e1maras de televisi\u00f3n enfocaron sonriente al ministro de Medio Ambiente, Sergio Bergman.<\/p>\n<p>En su tramo m\u00e1s pol\u00edtico, Macri reiter\u00f3 (sin nombrarlo) su apoyo al polic\u00eda Luis Chocobar, que dispar\u00f3 y mat\u00f3 por la espalda a un delincuente que escapaba tras un robo. \u00a0\u201cQueremos sentirnos cuidados, y para eso tambi\u00e9n tenemos que pensar en los que nos cuidan. Las mujeres y los hombres de nuestras fuerzas de seguridad se juegan la vida por nosotros y merecen todo nuestro respeto y admiraci\u00f3n\u201d, dijo y agreg\u00f3 que hay una \u201ctensi\u00f3n entre democracia y seguridad\u201d, que se resolver\u00eda \u201csin caer en la mano dura ni el abolicionismo\u201d. La que esbozaba una ligera sonrisa era la ministra de Seguridad, Patricia Bullrich.<\/p>\n<p>Sin demasiadas precisiones, Macri habl\u00f3 de cifras r\u00e9cord de incautaciones de drogas y de baja en los \u00edndices del delito en los \u00faltimos dos a\u00f1os: cantidad de robos, un 11 por ciento, y homicidios, un 20. En ese marco adelant\u00f3 que espera que \u201cen unos pocos meses\u201d se presente el proyecto de reforma del C\u00f3digo Penal. Tambi\u00e9n que se trate un nuevo C\u00f3digo Procesal Penal, que durante el kirchnerismo hab\u00eda sido reformado pero cuya aplicaci\u00f3n fue suspendida mediante DNU.<\/p>\n<p>Al momento de abordar los temas educativos, el Presidente se refiri\u00f3 a los malos resultados de la evaluaci\u00f3n Aprender y pidi\u00f3 cambiar la legislaci\u00f3n que impide que se publiquen los resultados por escuela. \u201cNo le tengamos miedo a la verdad. A lo que hay que temer es a la mentira, a que los chicos no terminen el colegio. No podemos hacer pol\u00edtica con la educaci\u00f3n de nuestros hijos. No podemos acordarnos de la educaci\u00f3n s\u00f3lo en el momento de las paritarias\u201d, dijo, en alusi\u00f3n al conflicto que se produce en la mayor\u00eda de las provincias, donde los gremios docentes rechazaron por insuficientes los aumentos del 12 y el 15 por ciento, respectivamente.<\/p>\n<p>Uno de los temas que m\u00e1s expectativa generaba era el tema del aborto. Macri volvi\u00f3 a pronunciarse \u201ca favor de la vida\u201d, eufemismo que utilizan los que est\u00e1n en contra para diferenciarse de las posturas a favor de la legalizaci\u00f3n. \u201cTambi\u00e9n estoy a favor de los debates maduros y responsables. Por eso, vemos con agrado que el Congreso incluya este tema en su agenda de este a\u00f1o. Espero que se escuchen todas las voces y se tomen en cuenta todas las posturas\u201d, complet\u00f3.<\/p>\n<p>Con ese tema termin\u00f3 con los puntos principales de su discurso y dio paso a la arenga final: \u201cSi pudimos avanzar en todas estas cosas; si pudimos sentarnos a dialogar; si pudimos evitar una crisis que se ven\u00eda encima; si pudimos generar trabajo y empezar a reducir la pobreza; si pudimos asfaltar barrios enteros que estaban sumergidos en el barro; si pudimos pasar del aislamiento a la integraci\u00f3n con el mundo; \u00a1imaginemos la cosas que vamos a poder en el futuro!\u201d, areng\u00f3. Apel\u00f3 a la met\u00e1fora del edificio y el crecimiento \u201cinvisible\u201d, al \u201centusiasmo del hacer\u201d y llam\u00f3 a \u201cser protagonistas del futuro\u201d. \u201cNecesitamos de todos, unidos, porque siempre les digo, los argentinos unidos somos imparables\u201d, remat\u00f3 Macri, ante una asamblea legislativa que lo escuchaba tranquila. Los legisladores de Cambiemos cerraron la ceremonia con el rezo macrista: \u201cS\u00ed se puede\u201d.<\/p>\n<p>Luego Macri sali\u00f3 por donde ingres\u00f3, la explanada central del Congreso. Antes de subirse al auto oficial, levant\u00f3 a la mano y salud\u00f3 a una multitud inexistente.<\/p>\n<h6>Fuente: P\u00e1gina 12<\/h6>\n","protected":false},"excerpt":{"rendered":"<p>El Presidente repiti\u00f3 las mismas frases que dice desde hace dos a\u00f1os. Afirm\u00f3 que hay un \u201ccrecimiento invisible\u201d, que la inflaci\u00f3n \u201cest\u00e1 bajando\u201d y que \u201cya pas\u00f3 lo peor\u201d. Ratific\u00f3 su rechazo a la legalizaci\u00f3n del aborto pero aval\u00f3 el debate.<\/p>\n","protected":false},"author":2,"featured_media":73617,"comment_status":"closed","ping_status":"closed","sticky":false,"template":"","format":"standard","meta":{"footnotes":""},"categories":[8],"tags":[21],"class_list":["post-73616","post","type-post","status-publish","format-standard","has-post-thumbnail","hentry","category-informe-nacional","tag-argentina"],"_links":{"self":[{"href":"http:\/\/argentinamunicipal.com.ar\/argentina\/wp-json\/wp\/v2\/posts\/73616","targetHints":{"allow":["GET"]}}],"collection":[{"href":"http:\/\/argentinamunicipal.com.ar\/argentina\/wp-json\/wp\/v2\/posts"}],"about":[{"href":"http:\/\/argentinamunicipal.com.ar\/argentina\/wp-json\/wp\/v2\/types\/post"}],"author":[{"embeddable":true,"href":"http:\/\/argentinamunicipal.com.ar\/argentina\/wp-json\/wp\/v2\/users\/2"}],"replies":[{"embeddable":true,"href":"http:\/\/argentinamunicipal.com.ar\/argentina\/wp-json\/wp\/v2\/comments?post=73616"}],"version-history":[{"count":0,"href":"http:\/\/argentinamunicipal.com.ar\/argentina\/wp-json\/wp\/v2\/posts\/73616\/revisions"}],"wp:featuredmedia":[{"embeddable":true,"href":"http:\/\/argentinamunicipal.com.ar\/argentina\/wp-json\/wp\/v2\/media\/73617"}],"wp:attachment":[{"href":"http:\/\/argentinamunicipal.com.ar\/argentina\/wp-json\/wp\/v2\/media?parent=73616"}],"wp:term":[{"taxonomy":"category","embeddable":true,"href":"http:\/\/argentinamunicipal.com.ar\/argentina\/wp-json\/wp\/v2\/categories?post=73616"},{"taxonomy":"post_tag","embeddable":true,"href":"http:\/\/argentinamunicipal.com.ar\/argentina\/wp-json\/wp\/v2\/tags?post=73616"}],"curies":[{"name":"wp","href":"https:\/\/api.w.org\/{rel}","templated":true}]}}