{"id":73619,"date":"2018-03-02T06:47:23","date_gmt":"2018-03-02T09:47:23","guid":{"rendered":"http:\/\/argentinamunicipal.com.ar\/argentina\/?p=73619"},"modified":"2018-03-02T06:47:23","modified_gmt":"2018-03-02T09:47:23","slug":"macriland","status":"publish","type":"post","link":"http:\/\/argentinamunicipal.com.ar\/argentina\/macriland\/","title":{"rendered":"Macriland"},"content":{"rendered":"<p>Nunca se lo vio tan aplomado ni desenvuelto. A lo mejor Dur\u00e1n Barba le prohibi\u00f3 ir m\u00e1s all\u00e1 de un par de semi sonrisas en su b\u00fasqueda de empat\u00eda. No capot\u00f3 en el deslizamiento entre el discurso oral y el le\u00eddo ni traspapel\u00f3 hasta repetir un p\u00e1rrafo como quien lee lo que escribi\u00f3 otro. Esta vez desilusion\u00f3 a los cazadores de lapsus. Su voz fue serena, tal vez algo escolar en sus regulares cambios de ritmo. En su libro Una voz y nada m\u00e1s, Mladen Dolar analiza las voces de los totalitarios top del siglo XX y al hacerlo afirma que existe una diferencia sustancial entre la voz en el fascismo y en el stalinismo. El F\u00fchrer legislar\u00eda a viva voz, sustituyendo a la ley, es decir suspendi\u00e9ndola. El modelo expositor stalinista ser\u00eda, en cambio, el de alguien que lee evitando todo toque personal, cuanto m\u00e1s inexpresivo sea, \u201ccuanto m\u00e1s parezca desconocer el texto que lee, m\u00e1s encarnar\u00e1 su lugar de instrumento de las leyes hist\u00f3ricas, de monocorde ap\u00e9ndice de la letra escrita\u201d. Pero al analizar la voz democr\u00e1tica, Dolar parece quedarse mudo desde Kennedy a Clinton y ni hablar de ejemplos en el tercer mundo, sobre todo porque su libro sali\u00f3 de la imprenta antes de que Mauricio Macri tuviera que aprender, para ejercer su cargo, a dominar sus lapsus jocosos como cuando se lament\u00f3 de que la droga matara tanto a pobres como a \u201cgente muy valiosa\u201d, habl\u00f3 de la educaci\u00f3n p\u00fablica como \u201cca\u00edda\u201d o derrap\u00f3 en frases inspiradas bajo la forma de un cuento para dormir a un pa\u00eds: \u201cEl mar es muy grande y el submarino muy chico\u201d. Pero si se dolariza la voz del Presidente (a \u00e9l le encantar\u00eda este verbo) tal vez se puede advertir que su timbre, cadencia y altura es la m\u00e1s adecuada para la distancia y el contacto visual que exige la mesa en torno a la que se sientan los ejecutivos de una empresa para discutir fusiones, lavado de dinero o \u00edndices de crecimiento: unos cuatro metros de manos sucias entre cabecera y cabecera. M\u00e1s all\u00e1 de girar peri\u00f3dicamente la cabeza de derecha a izquierda y de izquierda a derecha para no expulsar a amigo ni enemigo de su campo visual, Macri inaugur\u00f3 las sesiones ordinarias del Congreso posando con la voz y explotando sus matices: un ligero aumento en la potencia para avalar nuevamente a las fuerzas de seguridad (\u201cque se juegan por nosotros\u201d), potencia que lleg\u00f3 casi a la amenaza al llegar al insinuante aforismo \u201cno podemos acordarnos de la educaci\u00f3n s\u00f3lo en el momento de las paritarias\u201d. Una monoton\u00eda coqueta para enumerar lo que \u00e9l imagina como logros democr\u00e1ticos al alcance de todos: hoteles, restaurantes y pe\u00f1as llenos como si describiera un pa\u00eds de s\u00e1bado a la noche. Un engolamiento vanidoso para calcular en 700 los tr\u00e1mites que hoy se pueden hacer por Internet sin salir de casa (suponiendo que se tienen casa, computadora y servidor). Y un temblequeo de autosatisfacci\u00f3n para anunciar un parque nacional en Campo de Mayo: como buen perpetrador de barrabasadas simb\u00f3licas quiere hacer de un sector donde funcionaba un campo de concentraci\u00f3n, un campo secas (\u00e9l lo planea como uno de los m\u00e1s grandes parques nacionales urbanos), con el mismo esp\u00edritu con que el presidente Sarmiento decidi\u00f3 instalar en las propiedades de Rosas, en Palermo, el jard\u00edn zool\u00f3gico. Un tono edulcorado para denunciar que las mujeres ganen un 30 por ciento menos, aunque para compensar propuso la extensi\u00f3n de la licencia por paternidad, volviendo a declararse, en relaci\u00f3n al debate sobre el aborto, como \u201cun defensor de la vida\u201d s\u00f3lo que qui\u00e9n sabe a qu\u00e9 llama vida, dado que antes hab\u00eda dicho que \u201cInternet nos cambi\u00f3 la vida\u201d. \u00a0Y (el colmo) una vehemencia, onda Fidel en la Plaza de la Revoluci\u00f3n para denunciar que mueren en accidentes viales \u201c5 mil argentinos que no ten\u00edan que morir\u201d. \u00bfPor qu\u00e9? \u00bfHay argentinos que tendr\u00edan que morir? \u00bfHa vuelto a pensar en los 562 ciudadanos que seg\u00fan \u00e9l vendr\u00edan poniendo un palo en la rueda del Cambio?<\/p>\n<p>Pero \u00bfqu\u00e9 estoy haciendo? Basta de colgarnos de las tetas del significante, de hacernos los bananas interpretando los fallidos y los bloopers a los que los clowns inopinados de Cambiemos nos tienen acostumbrados y entonces la pol\u00edtica en el poder se convierte en una enorme y abarcadora tapa de la revista Barcelona. No deber\u00edamos estar de humor para agitar el sonajero semiol\u00f3gico, el modo Eliseo Ver\u00f3n o Roland Barthes del an\u00e1lisis pol\u00edtico. Porque lo que ayer demostr\u00f3 Mauricio Macri es alarmante: al igual que los tartamudos que no tartamudean cuando cantan, el Presidente habla de corrido y sin lapsus cuando miente. Es que se le escuch\u00f3 aplicar hasta el virtuosismo la estrategia de decir que lo que no est\u00e1 sucediendo, sucede y con creces. Hoy como nunca ha abandonado la \u00e9tica m\u00ednima burguesa por la que las palabras comprometen actos, para, en su lugar, describir logros imaginarios y por tanto invisibles y anunciar mermas demostrables bajo la forma de su contrario: aumentos encomiables (inversiones extranjeras, nuevas fuentes de trabajo, boom inmobiliario, acceso a planes de educaci\u00f3n y de vivienda), llegando a dar la buena nueva (delirante) de la baja de la inflaci\u00f3n. Por eso ser\u00eda m\u00e1s preciso afirmar que el Presidente no inaugur\u00f3 el 136\u00ba per\u00edodo de sesiones ordinarias del Congreso de la Naci\u00f3n sino Macriland, un lugar ficticio (\u201clo peor ya pas\u00f3\u201d) por su detallada felicidad presente o futura, planeada o bien intencionada \u2013conmovedor fue el p\u00e1rrafo dedicado al cintur\u00f3n de seguridad y a la sillita para el beb\u00e9 en cada autom\u00f3vil\u2013, o sea un Pa\u00eds de Jauja neoliberal.<\/p>\n<p>Por\u00a0Mar\u00eda Moreno<\/p>\n<h6>Fuente: P\u00e1gina 12<\/h6>\n","protected":false},"excerpt":{"rendered":"<p>Nunca se lo vio tan aplomado ni desenvuelto. A lo mejor Dur\u00e1n Barba le prohibi\u00f3 ir m\u00e1s all\u00e1 de un par de semi sonrisas en su b\u00fasqueda de empat\u00eda. <\/p>\n","protected":false},"author":2,"featured_media":73620,"comment_status":"closed","ping_status":"closed","sticky":false,"template":"","format":"standard","meta":{"footnotes":""},"categories":[6],"tags":[21],"class_list":["post-73619","post","type-post","status-publish","format-standard","has-post-thumbnail","hentry","category-opiniones","tag-argentina"],"_links":{"self":[{"href":"http:\/\/argentinamunicipal.com.ar\/argentina\/wp-json\/wp\/v2\/posts\/73619","targetHints":{"allow":["GET"]}}],"collection":[{"href":"http:\/\/argentinamunicipal.com.ar\/argentina\/wp-json\/wp\/v2\/posts"}],"about":[{"href":"http:\/\/argentinamunicipal.com.ar\/argentina\/wp-json\/wp\/v2\/types\/post"}],"author":[{"embeddable":true,"href":"http:\/\/argentinamunicipal.com.ar\/argentina\/wp-json\/wp\/v2\/users\/2"}],"replies":[{"embeddable":true,"href":"http:\/\/argentinamunicipal.com.ar\/argentina\/wp-json\/wp\/v2\/comments?post=73619"}],"version-history":[{"count":0,"href":"http:\/\/argentinamunicipal.com.ar\/argentina\/wp-json\/wp\/v2\/posts\/73619\/revisions"}],"wp:featuredmedia":[{"embeddable":true,"href":"http:\/\/argentinamunicipal.com.ar\/argentina\/wp-json\/wp\/v2\/media\/73620"}],"wp:attachment":[{"href":"http:\/\/argentinamunicipal.com.ar\/argentina\/wp-json\/wp\/v2\/media?parent=73619"}],"wp:term":[{"taxonomy":"category","embeddable":true,"href":"http:\/\/argentinamunicipal.com.ar\/argentina\/wp-json\/wp\/v2\/categories?post=73619"},{"taxonomy":"post_tag","embeddable":true,"href":"http:\/\/argentinamunicipal.com.ar\/argentina\/wp-json\/wp\/v2\/tags?post=73619"}],"curies":[{"name":"wp","href":"https:\/\/api.w.org\/{rel}","templated":true}]}}