{"id":73629,"date":"2018-03-02T06:00:17","date_gmt":"2018-03-02T09:00:17","guid":{"rendered":"http:\/\/argentinamunicipal.com.ar\/argentina\/?p=73629"},"modified":"2018-03-02T06:58:43","modified_gmt":"2018-03-02T09:58:43","slug":"crecimiento-invisible-otras-diez-frases-polemicas-del-discurso-mauricio-macri","status":"publish","type":"post","link":"http:\/\/argentinamunicipal.com.ar\/argentina\/crecimiento-invisible-otras-diez-frases-polemicas-del-discurso-mauricio-macri\/","title":{"rendered":"\u201cEl crecimiento invisible\u201d y otras diez frases pol\u00e9micas del discurso de Mauricio Macri"},"content":{"rendered":"<p>El Presidente le habl\u00f3 a la Asamblea Legislativa con un tono de campa\u00f1a. Baj\u00f3 la confrontaci\u00f3n respecto de a\u00f1os anteriores y se enfoc\u00f3 en una mirada positiva del porvenir.<\/p>\n<p>El Presidente Mauricio Macri inaugur\u00f3 esta tarde el 136\u00ba per\u00edodo de sesiones ordinarias del Congreso de la Naci\u00f3n con un discurso conciliador y optimista que no estuvo exento de pol\u00e9micas, toda vez que, como es habitual, choc\u00f3 con la realidad o, al menos, con la mirada de quienes no comulgan con sus ideas. Y hasta con \u00e9l mismo.<\/p>\n<p>\u00bfC\u00f3mo puede ser? F\u00e1cil: el archivo, que no perdona. Una de las frases m\u00e1s pol\u00e9micas del discurso de hoy fue \u00ablo peor ya pas\u00f3\u00bb, una sentencia que el propio Macri hab\u00eda lanzado en julio de 2016 -refiri\u00e9ndose a Cristina Kirchner- y en marzo de 2017, cuando asegur\u00f3 que la pobreza comenzaba a bajar.<\/p>\n<p>Pero hubo m\u00e1s frases re\u00f1idas con su propio pensamiento. Por ejemplo, una que dijo en una entrevista a Telef\u00e9 en 2016: \u00abla inflaci\u00f3n es una mentira, es un impuesto perverso que cobra un mal gobierno a su gente\u00bb, asegur\u00f3. Hoy, reconoci\u00f3 t\u00e1citamente las dificultades que pasa para bajarla.<\/p>\n<p>Estas son algunas de las que hicieron m\u00e1s \u201cruido\u201d a opositores:<\/p>\n<p>\u201cEse crecimiento invisible sucedi\u00f3, es como cuando empezamos un edificio: en el comienzo no se ve lo que estamos haciendo, no se ven las estructuras que estamos poniendo, los pilotes, volcando el hormig\u00f3n\u201d.<\/p>\n<p>\u201cLo peor ya pas\u00f3 y ahora vienen los a\u00f1os en que vamos a crecer. Las transformaciones que hicimos empiezan a dar frutos\u201d.<\/p>\n<p>\u201cNo vine a hacer lo que me conviene a m\u00ed o a mi Gobierno\u201d.<\/p>\n<p>\u201cYa sobrepasamos la cantidad de personas empleadas en 2015.Y los salarios le ganaron a la inflaci\u00f3n\u201d.<\/p>\n<p>\u201cSi nada hubiese cambiado estar\u00edamos como otro pa\u00eds hermano que est\u00e1 en una desintegraci\u00f3n social\u201d.<\/p>\n<p>\u201cTenemos metas para bajar la inflaci\u00f3n, para reducir el d\u00e9ficit fiscal. Y como las vamos a cumplir, vamos a dejar de endeudarnos y se van a multiplicar las inversiones en un pa\u00eds confiable\u201d.<\/p>\n<p>\u201cCreemos que en estos a\u00f1os de democracia persiste una tensi\u00f3n entre democracia y seguridad. No creemos que haya que caer en la mano dura ni en el abolicionismo para resolverla\u201d.<\/p>\n<p>\u201cLa inflaci\u00f3n est\u00e1 bajando (\u2026) la inflaci\u00f3n del 2017 fue menor a la del 2016. La de este a\u00f1o va a ser a\u00fan menor, y la del a\u00f1o que viene, a\u00fan menor a la de 2018\u201d.<\/p>\n<p>\u201cNo podemos hacer pol\u00edtica con la educaci\u00f3n de nuestros hijos. No podemos acordarnos de la educaci\u00f3n s\u00f3lo en el momento de las paritarias\u201d.<\/p>\n<p>\u201cEstoy a favor de los debates maduros y responsables que como argentinos tenemos que darnos. Por eso, vemos con agrado que el Congreso incluya este tema en su agenda de este a\u00f1o\u201d.<\/p>\n<p>\u201cCrecer depende de nosotros y de nuestra capacidad de sentarnos a dialogar en una mesa, sin patoterismos ni extorsiones\u201d.<\/p>\n<h6>Fuente: InfoCielo<\/h6>\n","protected":false},"excerpt":{"rendered":"<p>El Presidente le habl\u00f3 a la Asamblea Legislativa con un tono de campa\u00f1a. Baj\u00f3 la confrontaci\u00f3n respecto de a\u00f1os anteriores y se enfoc\u00f3 en una mirada positiva del porvenir.<\/p>\n","protected":false},"author":2,"featured_media":73630,"comment_status":"closed","ping_status":"closed","sticky":false,"template":"","format":"standard","meta":{"footnotes":""},"categories":[8],"tags":[21],"class_list":["post-73629","post","type-post","status-publish","format-standard","has-post-thumbnail","hentry","category-informe-nacional","tag-argentina"],"_links":{"self":[{"href":"http:\/\/argentinamunicipal.com.ar\/argentina\/wp-json\/wp\/v2\/posts\/73629","targetHints":{"allow":["GET"]}}],"collection":[{"href":"http:\/\/argentinamunicipal.com.ar\/argentina\/wp-json\/wp\/v2\/posts"}],"about":[{"href":"http:\/\/argentinamunicipal.com.ar\/argentina\/wp-json\/wp\/v2\/types\/post"}],"author":[{"embeddable":true,"href":"http:\/\/argentinamunicipal.com.ar\/argentina\/wp-json\/wp\/v2\/users\/2"}],"replies":[{"embeddable":true,"href":"http:\/\/argentinamunicipal.com.ar\/argentina\/wp-json\/wp\/v2\/comments?post=73629"}],"version-history":[{"count":0,"href":"http:\/\/argentinamunicipal.com.ar\/argentina\/wp-json\/wp\/v2\/posts\/73629\/revisions"}],"wp:featuredmedia":[{"embeddable":true,"href":"http:\/\/argentinamunicipal.com.ar\/argentina\/wp-json\/wp\/v2\/media\/73630"}],"wp:attachment":[{"href":"http:\/\/argentinamunicipal.com.ar\/argentina\/wp-json\/wp\/v2\/media?parent=73629"}],"wp:term":[{"taxonomy":"category","embeddable":true,"href":"http:\/\/argentinamunicipal.com.ar\/argentina\/wp-json\/wp\/v2\/categories?post=73629"},{"taxonomy":"post_tag","embeddable":true,"href":"http:\/\/argentinamunicipal.com.ar\/argentina\/wp-json\/wp\/v2\/tags?post=73629"}],"curies":[{"name":"wp","href":"https:\/\/api.w.org\/{rel}","templated":true}]}}