{"id":73645,"date":"2018-03-02T07:34:09","date_gmt":"2018-03-02T10:34:09","guid":{"rendered":"http:\/\/argentinamunicipal.com.ar\/argentina\/?p=73645"},"modified":"2018-03-02T07:34:09","modified_gmt":"2018-03-02T10:34:09","slug":"rosario-suma-la-inversion-mas-grande-historia-iluminacion-led","status":"publish","type":"post","link":"http:\/\/argentinamunicipal.com.ar\/argentina\/rosario-suma-la-inversion-mas-grande-historia-iluminacion-led\/","title":{"rendered":"Rosario suma la inversi\u00f3n m\u00e1s grande de su historia en iluminaci\u00f3n led"},"content":{"rendered":"<p>Se colocar\u00e1n 15 mil luminarias transformando avenidas, parques, plazas barriales y otros espacios p\u00fablicos. Son $ 300 millones que dar\u00e1n renovado impulso al exitoso plan desarrollado en 2017.<\/p>\n<p>Rosario se encamina a cambiar toda su iluminaci\u00f3n a tecnolog\u00eda led. En el mediod\u00eda de este mi\u00e9rcoles, en el Polo Tecnol\u00f3gico, la intendenta M\u00f3nica Fein junto a autoridades municipales y provinciales present\u00f3 el plan de trabajo en la materia para los pr\u00f3ximos meses, con una inversi\u00f3n hist\u00f3rica para la ciudad en alumbrado p\u00fablico.<\/p>\n<p>El plan incluye la incorporaci\u00f3n de 15.000 luminarias de este tipo, con una inversi\u00f3n que ronda los 300 millones de pesos y que incluir\u00e1 la transformaci\u00f3n de 10 avenidas, 6 parques, 50 plazas y m\u00e1s de 50 entornos de instituciones educativas y de salud, entre otros espacios p\u00fablicos.<\/p>\n<p>\u201cEs algo que los vecinos nos piden: iluminaci\u00f3n led que mejora la calidad de vida, que nos da seguridad y ahorra energ\u00eda\u201d, se\u00f1al\u00f3 la intendenta a la vez que valor\u00f3 como muy positiva la experiencia en este sentido realizada durante 2017: \u201cColocamos luces en parques, como el Urquiza, y en muchas plazas, y vamos a completar en otros 6 parques y en 50 plazas de toda la ciudad para que los vecinos puedan salir y disfrutar de esos espacios\u201d dijo Fein, e incluy\u00f3 en la iniciativa a los centros comerciales a cielo abierto para fortalecer la actividad comercial y la cercan\u00eda con los vecinos.<\/p>\n<p>\u201cNos gustar\u00eda llegar a m\u00e1s lugares, pero nos falta financiamiento. Yo fui al Concejo Municipal a pedir que aprueben ese financiamiento pero no tuve el acompa\u00f1amiento necesario para lograr que toda la ciudad tenga adem\u00e1s un sistema inteligente\u201d, asever\u00f3 la titular del Ejecutivo local.<\/p>\n<p>Esta transformaci\u00f3n urbana generar\u00e1 un cambio positivo en los seis distritos, mejorando la transitabilidad durante la noche, aumentando la calidad lum\u00ednica y aportando a un importante ahorro energ\u00e9tico. Adem\u00e1s, la tecnolog\u00eda led sienta las bases operativas para el desarrollo de una ciudad inteligente, permitiendo mayor celeridad a la hora de gestionar reclamos, cubriendo todo el territorio y siendo m\u00e1s eficientes a la hora de brindar el servicio.<\/p>\n<p>La Secretar\u00eda de Ambiente y Espacio P\u00fablico ser\u00e1 la encargada de llevar adelante estos trabajos, que tuvieron ya un fuerte impacto durante 2017 con la colocaci\u00f3n de m\u00e1s de 3.500 luminarias. Este a\u00f1o las inversiones contemplan una escala a\u00fan m\u00e1s importante, cubriendo cinco veces m\u00e1s que el pasado a\u00f1o.<\/p>\n<p>En el corto plazo, los trabajos se pondr\u00e1n en marcha en diez avenidas ya designadas de la ciudad. San Mart\u00edn, complet\u00e1ndose as\u00ed en su tramo entre 27 de Febrero y bulevar Segu\u00ed; Pellegrini, C\u00f3rdoba y su continuidad en Eva Per\u00f3n; Francia, Oro\u00f1o, Provincias Unidas, 27 de Febrero, Nuestra Se\u00f1ora del Rosario, Wilde y Ovidio Lagos son las que comenzar\u00e1n a transformarse en los pr\u00f3ximos d\u00edas, con el recambio completo de las luminarias.<\/p>\n<p>\u201cLos lugares donde se est\u00e1 trabajando son aquellos espacios donde hay mayor afluencia y circulaci\u00f3n de personas, tales como avenidas, centros comerciales y espacios verdes. En este caso, estas avenidas y bulevares cruzan la ciudad de norte a sur y de este a oeste, atravesando un gran n\u00famero de barrios y mejorando la calidad de vida a miles de rosarinos y rosarinas\u201d, apunt\u00f3 Marina Borgatello, secretaria de Ambiente y Espacio P\u00fablico.<\/p>\n<p>Los beneficios de esta inversi\u00f3n en alumbrado aportan en materia de seguridad, ya que permiten transitar la ciudad de manera m\u00e1s confortable e invitan a permanecer en los espacios p\u00fablicos. A su vez, y a nivel de sustentabilidad, el ahorro energ\u00e9tico con este tipo de artefactos est\u00e1 en el orden del 40%, permitiendo una utilizaci\u00f3n m\u00e1s eficaz de la energ\u00eda y recuperando la inversi\u00f3n inicial en el mediano plazo.<\/p>\n<p>\u201cTenemos un esquema de trabajo ya previsto. Confiamos en que esto d\u00e9 un salto de calidad a estas arterias, parques y entornos universitarios y de salud, como ya ha ocurrido en los sectores donde hemos intervenido, con m\u00e1s de diez plazas ya modernizadas, centros comerciales a cielo abierto como Mendoza y Ayacucho o los entornos del parque Urquiza, donde el cambio es notable y es muy bien valorado por los vecinos\u201d, sostuvo la funcionaria.<\/p>\n<p><strong>Las obras en detalle<\/strong><br \/>\nCon 15.000 luminarias transformadas a tecnolog\u00eda led, ser\u00e1n priorizadas las avenidas de mayor tr\u00e1nsito vehicular y peatonal, entornos universitarios y de efectores de salud, el \u00c1rea Hist\u00f3rica y los centros comerciales a cielo abierto en su totalidad, seis grandes parques y cincuenta plazas barriales.<\/p>\n<p>Los parques Alem, Sunchales, de las Colectividades, Espa\u00f1a, de la Bandera y Urquiza ser\u00e1n las grandes superficies verdes que tendr\u00e1n su iluminaci\u00f3n completamente renovada. En este sentido, continuar\u00e1n los trabajos en las plazas barriales, continuando as\u00ed con la l\u00ednea de trabajo que ya inici\u00f3 el pasado a\u00f1o. \u201cLa plaza del barrio es un lugar de encuentro, y queremos potenciar cada uno de estos espacios sumando mayor infraestructura y siguiendo con la l\u00ednea de trabajo propuesta en 2017\u201d, ampli\u00f3 Borgatello.<\/p>\n<p>Adem\u00e1s de las diez avenidas por las que comenzar\u00e1 dicha ejecuci\u00f3n, el proyecto contempla sumar luego las avenidas Colombres, Sab\u00edn, Camino de los Ganaderos, Mendoza, Presidente Per\u00f3n, Belgrano, Estanislao L\u00f3pez, Francia, Uriburu, Arij\u00f3n y Batlle y Ord\u00f3\u00f1ez, adem\u00e1s de los bulevares Granel, Rondeau, Avellaneda, Rouill\u00f3n y Segu\u00ed.<\/p>\n<p>Por su parte, los Centros Comerciales a Cielo Abierto son otros sitios en donde se lleva adelante gran parte de la actividad econ\u00f3mica de la ciudad. Por ello, las obras ya iniciaron en 2017 y, durante este a\u00f1o, se completar\u00e1 la totalidad de los veintisiete existentes en la ciudad, acompa\u00f1ados por otras mejoras que potencien los mismos.<\/p>\n<p>Lo mismo ocurrir\u00e1 en los entornos de instituciones educativas y efectores de salud, apuntando a brindar mayor seguridad a la gran poblaci\u00f3n que circula de noche, docentes, no docentes y trabajadores de la salud. All\u00ed, los trabajos ya fueron completados en el entorno del hospital Provincial y tambi\u00e9n en la Facultad de Medicina, y se continuar\u00e1 en sectores cercanos a la Ciudad Universitaria y del barrio Espa\u00f1a y Hospitales. Por \u00faltimo, se completar\u00e1n las calles restantes del \u00c1rea Hist\u00f3rica, donde las obras tambi\u00e9n fueron iniciadas el pasado a\u00f1o.<\/p>\n<h6>Fuente: Sin Mordaza<\/h6>\n","protected":false},"excerpt":{"rendered":"<p>Se colocar\u00e1n 15 mil luminarias transformando avenidas, parques, plazas barriales y otros espacios p\u00fablicos. Son $ 300 millones que dar\u00e1n renovado impulso al exitoso plan desarrollado en 2017.<\/p>\n","protected":false},"author":2,"featured_media":73646,"comment_status":"closed","ping_status":"closed","sticky":false,"template":"","format":"standard","meta":{"footnotes":""},"categories":[2],"tags":[10],"class_list":["post-73645","post","type-post","status-publish","format-standard","has-post-thumbnail","hentry","category-informe-municipal","tag-santa-fe"],"_links":{"self":[{"href":"http:\/\/argentinamunicipal.com.ar\/argentina\/wp-json\/wp\/v2\/posts\/73645","targetHints":{"allow":["GET"]}}],"collection":[{"href":"http:\/\/argentinamunicipal.com.ar\/argentina\/wp-json\/wp\/v2\/posts"}],"about":[{"href":"http:\/\/argentinamunicipal.com.ar\/argentina\/wp-json\/wp\/v2\/types\/post"}],"author":[{"embeddable":true,"href":"http:\/\/argentinamunicipal.com.ar\/argentina\/wp-json\/wp\/v2\/users\/2"}],"replies":[{"embeddable":true,"href":"http:\/\/argentinamunicipal.com.ar\/argentina\/wp-json\/wp\/v2\/comments?post=73645"}],"version-history":[{"count":0,"href":"http:\/\/argentinamunicipal.com.ar\/argentina\/wp-json\/wp\/v2\/posts\/73645\/revisions"}],"wp:featuredmedia":[{"embeddable":true,"href":"http:\/\/argentinamunicipal.com.ar\/argentina\/wp-json\/wp\/v2\/media\/73646"}],"wp:attachment":[{"href":"http:\/\/argentinamunicipal.com.ar\/argentina\/wp-json\/wp\/v2\/media?parent=73645"}],"wp:term":[{"taxonomy":"category","embeddable":true,"href":"http:\/\/argentinamunicipal.com.ar\/argentina\/wp-json\/wp\/v2\/categories?post=73645"},{"taxonomy":"post_tag","embeddable":true,"href":"http:\/\/argentinamunicipal.com.ar\/argentina\/wp-json\/wp\/v2\/tags?post=73645"}],"curies":[{"name":"wp","href":"https:\/\/api.w.org\/{rel}","templated":true}]}}