{"id":73689,"date":"2018-03-05T06:54:24","date_gmt":"2018-03-05T09:54:24","guid":{"rendered":"http:\/\/argentinamunicipal.com.ar\/argentina\/?p=73689"},"modified":"2018-03-05T06:54:24","modified_gmt":"2018-03-05T09:54:24","slug":"mas-coherente-equivocado","status":"publish","type":"post","link":"http:\/\/argentinamunicipal.com.ar\/argentina\/mas-coherente-equivocado\/","title":{"rendered":"M\u00e1s coherente que equivocado"},"content":{"rendered":"<p>Ese mundo argentino de fantas\u00eda que Macri traz\u00f3 en su discurso ante el Congreso contin\u00faa produciendo un error conceptual. Se juzga que le habl\u00f3 al pa\u00eds, cuando en verdad se enfoc\u00f3 como si estuviera delante de una asamblea del establishment.<\/p>\n<p>Una obviedad casi escolar, primero. A cualquier presidente, en un marco como el del jueves, le es exigible que se dirija al conjunto de la poblaci\u00f3n. Que asuma su rol de jefe de Estado. Desde ese lugar, est\u00e1 clara la interpretaci\u00f3n de que se equivoc\u00f3 de pa\u00eds. Como se satiriz\u00f3 en abundancia, les departi\u00f3 a los ciudadanos suecos, noruegos, finlandeses. La inflaci\u00f3n no s\u00f3lo comienza a controlarse sino que los salarios le ganan, los jubilados ni siquiera merecen un p\u00e1rrafo y hay que mejorar los servicios de internet. En cuanto al crecimiento, es invisible pero es. Lo dijo as\u00ed. Invisible. Pasa que ustedes todav\u00eda no se dan cuenta, fue el metamensaje con infinitamente m\u00e1s de mensaje que de meta. En las \u00faltimas horas circula por las redes que \u201cma\u00f1ana voy a pagar la luz con dinero invisible, producto de mi crecimiento invisible; supongo que no habr\u00e1 problema\u201d. Como contrapartida, algunas frases directas o alusiones ya no cotizan para una audiencia n\u00f3rdica: las fuerzas de seguridad que se juegan la vida por nosotros, los chicos que no terminan el colegio por culpa de los docentes que hacen pol\u00edtica con la educaci\u00f3n, la despenalizaci\u00f3n del aborto como debate aunque yo y todo mi gobierno est\u00e9n en contra. Y ya pas\u00f3 lo peor y s\u00ed se puede y vamos juntos los argentinos que somos imparables si vamos juntos. Esta vez no incurri\u00f3 en furcios inolvidables, pudo hilar oraciones y domestic\u00f3 quiz\u00e1 mejor que nunca su papa en la boca. Como escribi\u00f3 Mar\u00eda Moreno en este diario, lo que demostr\u00f3 Macri es alarmante. \u201cAl igual que los tartamudos que no tartamudean cuando cantan, el Presidente habla de corrido cuando miente\u201d. Ahora bien, \u00bfa qui\u00e9n le miente? La misma Mar\u00eda da la respuesta al imprimir que \u201cser\u00eda m\u00e1s preciso afirmar que el Presidente no inaugur\u00f3 el 136\u00ba per\u00edodo de sesiones ordinarias del Congreso de la Naci\u00f3n, sino Macriland: un lugar ficticio (\u201clo peor ya pas\u00f3\u201d) por su detallada felicidad presente o futura, planeada o bien intencionada \u2013conmovedor fue el p\u00e1rrafo dedicado al cintur\u00f3n de seguridad y la sillita para el beb\u00e9 en cada autom\u00f3vil\u2013. O sea, un Pa\u00eds de Jauja neoliberal\u201d. Macri le habl\u00f3 a ese pa\u00eds. Al de sus hombres de negocios. Analizar el discurso desde esa perspectiva ofrece otro panorama. Podr\u00e1 haberle mentido al grueso de la sociedad, pero no a la parte de la sociedad que le interesa exclusivamente.<\/p>\n<p>Es cierto tambi\u00e9n que el contenido discursivo de Macri resulta expresi\u00f3n de su momento de mayor debilidad, que no significa estar d\u00e9bil. Desde el palo le avisan que la pesada herencia ya no sirve. \u00c9l mismo pidi\u00f3 que no se hable m\u00e1s de eso, en la reuni\u00f3n ampliada del viernes con todos sus ministros y funcionarios. Y el hit del verano ya queda lejos de ser solamente una manifestaci\u00f3n de hinchadas futbol\u00edsticas: amenaza con expandirse en direcciones y sitios m\u00faltiples. El Presidente podr\u00eda haber usado el discurso parlamentario para, sin dejar de encarar con prioridad a la tropa adicta, usar la picard\u00eda de referir a las agresiones verbales que sufre, al malhumor de quienes no ven lo invisible, a la prevenci\u00f3n respecto de que todav\u00eda resta el tramo de tarifazos despu\u00e9s de los cuales llegar\u00e1 El Amanecer. Pero eso s\u00ed requiere de pericia ret\u00f3rica, y de una condici\u00f3n de liderazgo (y cari\u00f1o popular) que Macri no tiene ni tendr\u00e1 nunca en t\u00e9rminos masivos. No en vano, todav\u00eda muy por lo bajo y como deslizan unos cuantos dirigentes y voceros del oficialismo, en el PRO apuntan cada d\u00eda con mayor intensidad a Mar\u00eda Eugenia Vidal, de cara a un recambio 2019. Hacen bien. Figura pr\u00e1cticamente intocada, se las arregla para surfear sobre las dificultades y l\u00edmites intr\u00ednsecos de Casa Rosada. Mientras la oposici\u00f3n deshoja margaritas, como es l\u00f3gico tras el sismo de 2015, a la gobernadora no le faltan fondos para obra p\u00fablica y aleda\u00f1os, ni mu\u00f1eca para controlar el abajo complicado, ni inteligencia para mostrarse como una suerte de personaje aut\u00f3nomo del modelo de exclusi\u00f3n que representa. Todo moment\u00e1neamente, desde luego, pero es un \u201cpor ahora\u201d mucho mejor que el de Macri. Y los tiempos corren.<\/p>\n<p>El Gobierno viene baqueteado desde diciembre. Las manifestaciones contra la reforma previsional con cabeza en lo ocurrido en la noche del 18 de ese mes, gracias a una muchedumbre impresionante de clase media saliendo a las calles en forma espont\u00e1nea y ninguneada por el dispositivo oficial, fue el antecedente de lo que hoy se revela en MMLPQTP. Desde entonces, sumando al affaire Triaca junto con otros que el aparato medi\u00e1tico puede controlar mejor (Caputo, Arribas), la t\u00e1ctica gubernamental consisti\u00f3 en defensa y ataque simult\u00e1neos. Pero ambos son endebles.<\/p>\n<p>En pol\u00edtica, de por s\u00ed, defenderse implica perder el manejo de la iniciativa. De la agenda publicada. Y el ataque, si aparece como maniobra distractiva demasiado evidente, no deja de transformarse en otro modo de defensa. Aclarado, siempre, que la jugada de debatir la despenalizaci\u00f3n del aborto debe ser reconocida como producto epocal de la presi\u00f3n del movimiento de mujeres, y aprovechada en consecuencia (\u201cel oportunismo es nuestro\u201d, como advirti\u00f3 Soledad Vallejos tambi\u00e9n en P\u00e1ginaI12), casi no hubo vocero macrista que no admitiera justamente eso: que se trataba y trata de quitar del medio y de los medios al escenario econ\u00f3mico, a como sea, justo despu\u00e9s del 21F y alarg\u00e1ndolo \u201clo m\u00e1s que se pueda\u201d, seg\u00fan les dijo Macri a sus legisladores reunidos en Olivos. Enseguida, se intent\u00f3 con cobrarle salud y educaci\u00f3n p\u00fablicas a los extranjeros. Eufemismo por bolivianos, paraguayos, peruanos y lacras morochas por el estilo, ni har\u00eda falta aclararlo. Armaron conflictos diplom\u00e1ticos con el gobierno de Evo. Montaron el problema de los argentinos que no pueden atenderse gratuitamente en los hospitales de Bolivia (???). Cuando hicieron los n\u00fameros de la incidencia del factor inmigratorio en el presupuesto sanitario, retrocedieron porque, a m\u00e1s del componente xen\u00f3fobo, la cifra es de una insignificancia pavorosa. Como si fuera poco, una parte del interbloque de Cambiemos anunci\u00f3 que no se prestar\u00eda a un delirio an\u00e1logo al de prohibir los insultos contra Macri en las canchas. El desenlace fue inmediato y el proyecto se baj\u00f3 antes de nacer. \u00bfEso es muestra de un tiro que no sali\u00f3, como puede pasarle a cualquier gesti\u00f3n, o de debilitamiento?<\/p>\n<p>Frente al hit, es m\u00e1s, se citan contactos y habilidad de La C\u00e1mpora, o del \u201ckirchnerismo residual\u201d, para revelar en esp\u00edritu unificado a barrabravas de Superliga y ascenso, a los que se agregan incontables provocadores de las redes, pasajeros del subte, espectadores de Patti Smith en el CCK y vaya a saberse c\u00f3mo sigue.<\/p>\n<p>\u00bfNo nos hab\u00edamos dado cuenta del poder t\u00f3xico, y extendido, que conserva el pasado que ya dejamos atr\u00e1s?<\/p>\n<p>No hay fisuras graves en el bloque de poder que conforman el pu\u00f1ado monumental de multinacionales, bancos, agronegocios, medios y un sector clave del Poder Judicial, que es el pa\u00eds al que Macri se dirigi\u00f3. Pero s\u00ed podr\u00eda estar abri\u00e9ndose paso un renovado sujeto colectivo, en el que articular\u00edan los intentos de unidad opositora y de reagrupamiento sindical con los s\u00edntomas de descontento y bronca que expresan sectores de las clases medias. Nada que hubiera podido imaginarse hace cuatro meses.<\/p>\n<p>Igual que el hit.<\/p>\n<p>Por\u00a0Eduardo Aliverti<\/p>\n<h6>Fuente: P\u00e1gina 12<\/h6>\n","protected":false},"excerpt":{"rendered":"<p>Ese mundo argentino de fantas\u00eda que Macri traz\u00f3 en su discurso ante el Congreso contin\u00faa produciendo un error conceptual. Se juzga que le habl\u00f3 al pa\u00eds, cuando en verdad se enfoc\u00f3 como si estuviera delante de una asamblea del establishment.<\/p>\n","protected":false},"author":2,"featured_media":73690,"comment_status":"closed","ping_status":"closed","sticky":false,"template":"","format":"standard","meta":{"footnotes":""},"categories":[6],"tags":[21],"class_list":["post-73689","post","type-post","status-publish","format-standard","has-post-thumbnail","hentry","category-opiniones","tag-argentina"],"_links":{"self":[{"href":"http:\/\/argentinamunicipal.com.ar\/argentina\/wp-json\/wp\/v2\/posts\/73689","targetHints":{"allow":["GET"]}}],"collection":[{"href":"http:\/\/argentinamunicipal.com.ar\/argentina\/wp-json\/wp\/v2\/posts"}],"about":[{"href":"http:\/\/argentinamunicipal.com.ar\/argentina\/wp-json\/wp\/v2\/types\/post"}],"author":[{"embeddable":true,"href":"http:\/\/argentinamunicipal.com.ar\/argentina\/wp-json\/wp\/v2\/users\/2"}],"replies":[{"embeddable":true,"href":"http:\/\/argentinamunicipal.com.ar\/argentina\/wp-json\/wp\/v2\/comments?post=73689"}],"version-history":[{"count":0,"href":"http:\/\/argentinamunicipal.com.ar\/argentina\/wp-json\/wp\/v2\/posts\/73689\/revisions"}],"wp:featuredmedia":[{"embeddable":true,"href":"http:\/\/argentinamunicipal.com.ar\/argentina\/wp-json\/wp\/v2\/media\/73690"}],"wp:attachment":[{"href":"http:\/\/argentinamunicipal.com.ar\/argentina\/wp-json\/wp\/v2\/media?parent=73689"}],"wp:term":[{"taxonomy":"category","embeddable":true,"href":"http:\/\/argentinamunicipal.com.ar\/argentina\/wp-json\/wp\/v2\/categories?post=73689"},{"taxonomy":"post_tag","embeddable":true,"href":"http:\/\/argentinamunicipal.com.ar\/argentina\/wp-json\/wp\/v2\/tags?post=73689"}],"curies":[{"name":"wp","href":"https:\/\/api.w.org\/{rel}","templated":true}]}}