{"id":73692,"date":"2018-03-05T06:57:32","date_gmt":"2018-03-05T09:57:32","guid":{"rendered":"http:\/\/argentinamunicipal.com.ar\/argentina\/?p=73692"},"modified":"2018-03-05T06:57:32","modified_gmt":"2018-03-05T09:57:32","slug":"sigue-la-caida-consumo-las-ventas-minoristas-bajaron-15-febrero","status":"publish","type":"post","link":"http:\/\/argentinamunicipal.com.ar\/argentina\/sigue-la-caida-consumo-las-ventas-minoristas-bajaron-15-febrero\/","title":{"rendered":"Sigue la ca\u00edda en el consumo: las ventas minoristas bajaron 1,5% en febrero"},"content":{"rendered":"<p>La Confederaci\u00f3n Argentina de la Mediana Empresa (CAME) dio a conocer los n\u00fameros del segundo mes del 2018 y el panorama no es alentador. La suba del d\u00f3lar genera temores y los comerciantes pidieron fortalecer el programa Ahora 12.<\/p>\n<p>Seg\u00fan la\u00a0Confederaci\u00f3n Argentina de la Mediana Empresa (CAME), las ventas minoristas de los comercios pymes finalizaron febrero con una ca\u00edda de 1,5%\u00a0frente a igual mes del a\u00f1o pasado, medidas a precios constantes, y\u00a0acumulan una baja anual de 1,3% en los primeros dos meses de 2018.<\/p>\n<p>\u00abHay menos liquidez en la calle para destinar a consumo y eso est\u00e1 retrayendo las ventas minoristas. Ser\u00eda muy importante revitalizar el Ahora 12 con costo financiero cero para sostener el mercado\u00bb, dijo Fabi\u00e1n Tarr\u00edo, presidente de CAME.<\/p>\n<p>El descenso estuvo determinado por el direccionamiento de consumo hacia otros mercados, por la incertidumbre sobre el rumbo econ\u00f3mico, la suba del d\u00f3lar que gener\u00f3 mayores temores, y las expectativas de subas de ingresos moderados que tienen las familias para este a\u00f1o.<\/p>\n<p>El gasto en el segundo mes del a\u00f1o volvi\u00f3 a mantenerse retra\u00eddo, sobre todo teniendo en cuenta que se est\u00e1 comparando contra un febrero malo, como fue el del 2017.<\/p>\n<p>Prevalecieron las ventas con tarjetas, y mucho en cuotas, donde los comercios volvieron a ofrecer 3 o 6 pagos sin inter\u00e9s, y en algunos casos hasta 12.<\/p>\n<p>Muchos negocios bajaron precios para incentivar la venta asumiendo los costos de esos descuentos y eso permiti\u00f3 darle fluidez al consumo, mientras que otros se lanzaron a la venta online, para captar el p\u00fablico que compra por esa v\u00eda.<\/p>\n<p>En febrero, el 51,5% de los comercios consultados tuvieron ca\u00eddas interanuales en sus ventas con una fuerte suba en esa proporci\u00f3n frente al mes anterior (45,1% en enero), a su vez, el 36,8% registr\u00f3 aumentos (39,9% en enero) y el 11,8% se mantuvo sin cambios.<\/p>\n<p>De 19 rubros relevados, 16 declinaron en la comparaci\u00f3n anual, 2 subieron (electrodom\u00e9sticos y electr\u00f3nicos +0,6% y calzados +0,3%) y 1 se mantuvo sin cambios (materiales para construcci\u00f3n).<\/p>\n<p>El rubro con peor performance del mes fue neum\u00e1ticos, con una ca\u00edda de 3,5%, seguido por textil blanco (-3,4%), muebles (-3,3%), materiales el\u00e9ctricos (-3,2%), marroquiner\u00eda (-2,6%) e indumentaria (-2,5%).<\/p>\n<h6>Fuente: InfoCielo<\/h6>\n","protected":false},"excerpt":{"rendered":"<p>La Confederaci\u00f3n Argentina de la Mediana Empresa (CAME) dio a conocer los n\u00fameros del segundo mes del 2018 y el panorama no es alentador. La suba del d\u00f3lar genera temores y los comerciantes pidieron fortalecer el programa Ahora 12.<\/p>\n","protected":false},"author":2,"featured_media":73693,"comment_status":"closed","ping_status":"closed","sticky":false,"template":"","format":"standard","meta":{"footnotes":""},"categories":[8],"tags":[21],"class_list":["post-73692","post","type-post","status-publish","format-standard","has-post-thumbnail","hentry","category-informe-nacional","tag-argentina"],"_links":{"self":[{"href":"http:\/\/argentinamunicipal.com.ar\/argentina\/wp-json\/wp\/v2\/posts\/73692","targetHints":{"allow":["GET"]}}],"collection":[{"href":"http:\/\/argentinamunicipal.com.ar\/argentina\/wp-json\/wp\/v2\/posts"}],"about":[{"href":"http:\/\/argentinamunicipal.com.ar\/argentina\/wp-json\/wp\/v2\/types\/post"}],"author":[{"embeddable":true,"href":"http:\/\/argentinamunicipal.com.ar\/argentina\/wp-json\/wp\/v2\/users\/2"}],"replies":[{"embeddable":true,"href":"http:\/\/argentinamunicipal.com.ar\/argentina\/wp-json\/wp\/v2\/comments?post=73692"}],"version-history":[{"count":0,"href":"http:\/\/argentinamunicipal.com.ar\/argentina\/wp-json\/wp\/v2\/posts\/73692\/revisions"}],"wp:featuredmedia":[{"embeddable":true,"href":"http:\/\/argentinamunicipal.com.ar\/argentina\/wp-json\/wp\/v2\/media\/73693"}],"wp:attachment":[{"href":"http:\/\/argentinamunicipal.com.ar\/argentina\/wp-json\/wp\/v2\/media?parent=73692"}],"wp:term":[{"taxonomy":"category","embeddable":true,"href":"http:\/\/argentinamunicipal.com.ar\/argentina\/wp-json\/wp\/v2\/categories?post=73692"},{"taxonomy":"post_tag","embeddable":true,"href":"http:\/\/argentinamunicipal.com.ar\/argentina\/wp-json\/wp\/v2\/tags?post=73692"}],"curies":[{"name":"wp","href":"https:\/\/api.w.org\/{rel}","templated":true}]}}