{"id":73701,"date":"2018-03-05T07:09:18","date_gmt":"2018-03-05T10:09:18","guid":{"rendered":"http:\/\/argentinamunicipal.com.ar\/argentina\/?p=73701"},"modified":"2018-03-05T07:09:18","modified_gmt":"2018-03-05T10:09:18","slug":"mercado-refuta-optimismo-oficial-ya-calcula-20-inflacion-este-ano","status":"publish","type":"post","link":"http:\/\/argentinamunicipal.com.ar\/argentina\/mercado-refuta-optimismo-oficial-ya-calcula-20-inflacion-este-ano\/","title":{"rendered":"El mercado refuta el optimismo oficial y ya calcula un 20% de inflaci\u00f3n para este a\u00f1o"},"content":{"rendered":"<p>Seg\u00fan un relevamiento que realiza el Banco Central entre las principales consultoras de la city, el pron\u00f3stico creci\u00f3 este mes del 19,3% al 19,8%.<\/p>\n<p>Ni siquiera las consultoras privadas hist\u00f3ricamente aliadas del macrismo avalan el optimismo oficial respecto de las metas de inflaci\u00f3n. Si bien el gobierno sigue hablando de un tope del 15% -que intenta trasladar a las paritarias- el\u00a0Relevamiento de Expectativas del Mercado que difunde peri\u00f3dicamente el Banco Central\u00a0ya elev\u00f3 las previsiones al 19,8%.<\/p>\n<p>Acorde al devenir de la econom\u00eda, las consultoras van variando sus pron\u00f3sticos, y esta vez\u00a0el c\u00e1lculo contradice el discurso gubernamental, que se ufana de haber controlado y estar bajando la inflaci\u00f3n.\u00a0La devaluaci\u00f3n desde finales de noviembre y la suba de servicios p\u00fablicos de principio de este a\u00f1o adelanta mayores remarcaciones en el mercado interno.<\/p>\n<p>A su vez, el relevamiento del Central indic\u00f3 tambi\u00e9n que los analistas\u00a0ajustaron a la baja sus pron\u00f3sticos de crecimiento. Del 2,9% que hab\u00edan adelantado en el informe anterior, bajaron la expectativa a 2,7%.<\/p>\n<p>La econom\u00eda no tiene motores claros de expansi\u00f3n.\u00a0El consumo privado se encuentra deprimido\u00a0por la ca\u00edda del poder adquisitivo, en tanto que\u00a0la inversi\u00f3n sigue sin ingresar\u00a0a la econom\u00eda local y las exportaciones no reaccionan.<\/p>\n<p>Respecto del d\u00f3lar, los consultores se\u00f1alaron que para los pr\u00f3ximos seis meses prev\u00e9n que estar\u00e1 entre 20,1 y 21,1 pesos.\u00a0Para fin de a\u00f1o, en tanto, se espera un d\u00f3lar de 22 pesos, un valor levemente m\u00e1s alto que el calculado el mes anterior.<\/p>\n<h6>Fuente: InfoNews<\/h6>\n","protected":false},"excerpt":{"rendered":"<p>Seg\u00fan un relevamiento que realiza el Banco Central entre las principales consultoras de la city, el pron\u00f3stico creci\u00f3 este mes del 19,3% al 19,8%.<\/p>\n","protected":false},"author":2,"featured_media":73702,"comment_status":"closed","ping_status":"closed","sticky":false,"template":"","format":"standard","meta":{"footnotes":""},"categories":[8],"tags":[21],"class_list":["post-73701","post","type-post","status-publish","format-standard","has-post-thumbnail","hentry","category-informe-nacional","tag-argentina"],"_links":{"self":[{"href":"http:\/\/argentinamunicipal.com.ar\/argentina\/wp-json\/wp\/v2\/posts\/73701","targetHints":{"allow":["GET"]}}],"collection":[{"href":"http:\/\/argentinamunicipal.com.ar\/argentina\/wp-json\/wp\/v2\/posts"}],"about":[{"href":"http:\/\/argentinamunicipal.com.ar\/argentina\/wp-json\/wp\/v2\/types\/post"}],"author":[{"embeddable":true,"href":"http:\/\/argentinamunicipal.com.ar\/argentina\/wp-json\/wp\/v2\/users\/2"}],"replies":[{"embeddable":true,"href":"http:\/\/argentinamunicipal.com.ar\/argentina\/wp-json\/wp\/v2\/comments?post=73701"}],"version-history":[{"count":0,"href":"http:\/\/argentinamunicipal.com.ar\/argentina\/wp-json\/wp\/v2\/posts\/73701\/revisions"}],"wp:featuredmedia":[{"embeddable":true,"href":"http:\/\/argentinamunicipal.com.ar\/argentina\/wp-json\/wp\/v2\/media\/73702"}],"wp:attachment":[{"href":"http:\/\/argentinamunicipal.com.ar\/argentina\/wp-json\/wp\/v2\/media?parent=73701"}],"wp:term":[{"taxonomy":"category","embeddable":true,"href":"http:\/\/argentinamunicipal.com.ar\/argentina\/wp-json\/wp\/v2\/categories?post=73701"},{"taxonomy":"post_tag","embeddable":true,"href":"http:\/\/argentinamunicipal.com.ar\/argentina\/wp-json\/wp\/v2\/tags?post=73701"}],"curies":[{"name":"wp","href":"https:\/\/api.w.org\/{rel}","templated":true}]}}