{"id":73704,"date":"2018-03-05T07:12:26","date_gmt":"2018-03-05T10:12:26","guid":{"rendered":"http:\/\/argentinamunicipal.com.ar\/argentina\/?p=73704"},"modified":"2018-03-05T07:12:26","modified_gmt":"2018-03-05T10:12:26","slug":"paro-marcha-los-sueldos-docentes","status":"publish","type":"post","link":"http:\/\/argentinamunicipal.com.ar\/argentina\/paro-marcha-los-sueldos-docentes\/","title":{"rendered":"Paro y marcha por los sueldos docentes"},"content":{"rendered":"<p>La medida de fuerza es convocada por Ctera y Sadop, que se movilizar\u00e1n al Ministerio de Educaci\u00f3n. El Gobierno apuesta a debilitar la huelga, pero los dirigentes gremiales conf\u00edan en que \u201cla adhesi\u00f3n va a ser contundente\u201d.<\/p>\n<p>Los docentes de todo el pa\u00eds comienzan hoy un paro en reclamo de salarios e inversi\u00f3n educativa. En la mayor\u00eda de las provincias, el inicio de las clases quedar\u00e1 postergado as\u00ed por 48 horas en las escuelas p\u00fablicas, que reci\u00e9n el mi\u00e9rcoles funcionar\u00e1n normalmente. Tras la eliminaci\u00f3n de la paritaria nacional, con el techo del 15 por ciento a la recomposici\u00f3n de los salarios del sector y el cierre de escuelas, este era un conflicto cantado, como ya lo hab\u00eda sido el del a\u00f1o pasado. Pero, esta vez, el Gobierno viene prepar\u00e1ndose de otra manera para sostener los recortes del gasto p\u00fablico. El ministro de Educaci\u00f3n, Alejandro Finocchiaro, juega todas sus fichas a debilitar la medida de fuerza a trav\u00e9s de la amenaza de descuentos \u2013como el no pago de los d\u00edas parados y la imposici\u00f3n del presentismo, que ya rige en varias provincias\u2013, y viene movi\u00e9ndose, adem\u00e1s, para dividir el frente gremial. \u201cTengo la impresi\u00f3n que nos vamos a llevar una gran sorpresa con la mayor\u00eda de las escuelas abiertas y la mayor\u00eda de los docentes educando\u201d, desafi\u00f3 horas antes de la huelga, al remarcar que hay tres sindicatos (UDA, AMET y CEA) que no adhirieron. La medida de fuerza fue convocada por la Ctera, la confederaci\u00f3n que agremia al 70 por ciento de los docentes del pa\u00eds. Tambi\u00e9n se sum\u00f3 a la protesta, con una huelga de 24 horas, el sindicato de los docentes privados (Sadop), que le sigue en n\u00famero, con 70 mil afiliados. \u201cLa adhesi\u00f3n al paro va a ser contundente\u201d, advirti\u00f3 Sonia Alesso, la titular de Ctera.<\/p>\n<p>El paro tiene cuatro ejes de reclamo: por la paritaria nacional docente, salarios dignos, m\u00e1s presupuesto educativo y en defensa del r\u00e9gimen jubilatorio docente, que est\u00e1 en la mira de Cambiemos. Durante esta primera jornada de paro, Ctera y Sadop se movilizar\u00e1n a partir de las 10.30 a la sede del Ministerio de Educaci\u00f3n.<\/p>\n<p>Este es el segundo a\u00f1o que el Gobierno no realiza la paritaria nacional docente: en 2017 fue suspendida, y este enero el presidente Mauricio Macri directamente la elimin\u00f3 por decreto. En ese \u00e1mbito de negociaci\u00f3n, que funcion\u00f3 de 2008 a 2016, los gremios negociaban con el Estado nacional el piso salarial de los docentes y el monto de dos fondos nacionales, el de Compensaci\u00f3n \u2013destinado a que las provincias m\u00e1s pobres pudieran pagar ese piso\u2013 y el de Incentivo Docente (Fonid) \u2013que se reparte de manera igualitaria entre todos los maestros del pa\u00eds, para mejorar sus ingresos\u2013.<\/p>\n<p>Con la supresi\u00f3n de la paritaria nacional, al Gobierno le qued\u00f3 el camino allanado para achicar esos fondos, actualiz\u00e1ndolos seg\u00fan su \u00fanico criterio. El plan de la Casa Rosada es dejar de pagar el Fonid en 2019. El criterio de Cambiemos es el de que cada provincia pague lo que pueda pagar, seg\u00fan sus recursos.<\/p>\n<p>La receta no es nueva, ya que fue la utilizada en la d\u00e9cada del \u201890 por el menemismo, y est\u00e1 generando las mismas desigualdades internas. Por caso, en Jujuy, el gobernador Gerardo Morales ofreci\u00f3 a los docentes un 5 por ciento de aumento para 2018; ese es su c\u00e1lculo de lo que su provincia puede pagar.\u00a0\u00a0 La decisi\u00f3n del gobierno nacional de correrse de la responsabilidad sobre los sueldos de los maestros es as\u00ed uno de los brazos del ajuste. El otro es la imposici\u00f3n de un techo del 15 por ciento en las negociaciones paritarias que se realizan en las provincias. Esto es lo que ofrecieron, al pie de la letra, la mayor\u00eda de los gobernadores: 15 por ciento en la provincia de Buenos Aires, 15 por ciento en Santa Fe, 15,7 en Mendoza, 15 por ciento en Tucum\u00e1n, 15,5 por ciento en San Juan, 15,7 por ciento en Catarmarca. O menos: 12 por ciento en la Ciudad de Buenos Aires, 10 por ciento en Corrientes, donde hoy el presidente Macri va a inaugurar las clases (ver aparte). Hasta ahora la \u00fanica excepci\u00f3n fue la provincia de San Luis, donde la gobernaci\u00f3n dio a los estatales un 40 por ciento de incremento.<\/p>\n<p>Estas ofertas, por debajo de la expectativa de inflaci\u00f3n del Gobierno \u2013un 20 por ciento para 2018\u2013, afectar\u00e1n sueldos que vienen perdiendo sensiblemente su poder de compra. Seg\u00fan el Cippec, el poder adquisitivo de\u00a0 los salarios docentes cay\u00f3 desde 2016 en 1600 pesos.<\/p>\n<p>La semana pasada, la gobernadora Mar\u00eda Eugenia Vidal asegur\u00f3 al abrir las sesiones de la Legislatura bonaerense que los maestros de su provincia no hab\u00edan perdido un peso frente a la inflaci\u00f3n. Sin embargo, los datos muestran que su distrito no escap\u00f3 a la l\u00f3gica nacional: el Centro de Econom\u00eda Pol\u00edtica Argentina (CEPA) revis\u00f3 la carrera de los sueldos contra la inflaci\u00f3n y encontr\u00f3 que los docentes bonaerenses llevan perdidos 1300 pesos en relaci\u00f3n al poder adquisitivo que ten\u00edan en 2015. En el caso de que aceptaran la oferta salarial que les est\u00e1n haciendo para este a\u00f1o, pasar\u00edan a perder 2300 pesos con respecto a lo que ganaban al finalizar el gobierno de Cristina Kirchner (ver nota aparte).<\/p>\n<p>El dato bonaerense tiene relevancia especial porque, sin la paritaria nacional, la tarea de hacer de caso testigo para el grueso de las paritarias provinciales recay\u00f3 en Vidal.<\/p>\n<p>En l\u00ednea con Finocchiaro \u2013que se convirti\u00f3 en el ministro de Educaci\u00f3n nacional tras haber desempe\u00f1ado esa funci\u00f3n en la provincia de Buenos Aires\u2013, la gobernadora ha puesto en marcha una estrategia extra para quitarle impacto al paro: garantiz\u00f3 a trav\u00e9s de los auxiliares docentes afiliados a los gremios UPCN y Soeme que las escuelas sean abiertas para ofrecer el servicio de comedor. El viernes, la provincia pag\u00f3 un premio de 4500 pesos por presentismo a los docentes que en 2017 no adhirieron a los paros y ratific\u00f3 que ese \u00edtem llegar\u00e1 a 6 mil pesos al finalizar este a\u00f1o. A diferencia de lo que se ve en la paritaria, en la pulseada con los gremios la decisi\u00f3n oficial es no escatimar en nada.<\/p>\n<h6>Fuente: P\u00e1gina 12<\/h6>\n","protected":false},"excerpt":{"rendered":"<p>La medida de fuerza es convocada por Ctera y Sadop, que se movilizar\u00e1n al Ministerio de Educaci\u00f3n. El Gobierno apuesta a debilitar la huelga, pero los dirigentes gremiales conf\u00edan en que \u201cla adhesi\u00f3n va a ser contundente\u201d.<\/p>\n","protected":false},"author":2,"featured_media":73705,"comment_status":"closed","ping_status":"closed","sticky":false,"template":"","format":"standard","meta":{"footnotes":""},"categories":[8],"tags":[21],"class_list":["post-73704","post","type-post","status-publish","format-standard","has-post-thumbnail","hentry","category-informe-nacional","tag-argentina"],"_links":{"self":[{"href":"http:\/\/argentinamunicipal.com.ar\/argentina\/wp-json\/wp\/v2\/posts\/73704","targetHints":{"allow":["GET"]}}],"collection":[{"href":"http:\/\/argentinamunicipal.com.ar\/argentina\/wp-json\/wp\/v2\/posts"}],"about":[{"href":"http:\/\/argentinamunicipal.com.ar\/argentina\/wp-json\/wp\/v2\/types\/post"}],"author":[{"embeddable":true,"href":"http:\/\/argentinamunicipal.com.ar\/argentina\/wp-json\/wp\/v2\/users\/2"}],"replies":[{"embeddable":true,"href":"http:\/\/argentinamunicipal.com.ar\/argentina\/wp-json\/wp\/v2\/comments?post=73704"}],"version-history":[{"count":0,"href":"http:\/\/argentinamunicipal.com.ar\/argentina\/wp-json\/wp\/v2\/posts\/73704\/revisions"}],"wp:featuredmedia":[{"embeddable":true,"href":"http:\/\/argentinamunicipal.com.ar\/argentina\/wp-json\/wp\/v2\/media\/73705"}],"wp:attachment":[{"href":"http:\/\/argentinamunicipal.com.ar\/argentina\/wp-json\/wp\/v2\/media?parent=73704"}],"wp:term":[{"taxonomy":"category","embeddable":true,"href":"http:\/\/argentinamunicipal.com.ar\/argentina\/wp-json\/wp\/v2\/categories?post=73704"},{"taxonomy":"post_tag","embeddable":true,"href":"http:\/\/argentinamunicipal.com.ar\/argentina\/wp-json\/wp\/v2\/tags?post=73704"}],"curies":[{"name":"wp","href":"https:\/\/api.w.org\/{rel}","templated":true}]}}