{"id":73715,"date":"2018-03-05T07:28:53","date_gmt":"2018-03-05T10:28:53","guid":{"rendered":"http:\/\/argentinamunicipal.com.ar\/argentina\/?p=73715"},"modified":"2018-03-05T07:28:53","modified_gmt":"2018-03-05T10:28:53","slug":"ahi-estan-poco-susceptibles","status":"publish","type":"post","link":"http:\/\/argentinamunicipal.com.ar\/argentina\/ahi-estan-poco-susceptibles\/","title":{"rendered":"\u201cPor ah\u00ed est\u00e1n un poco susceptibles\u201d"},"content":{"rendered":"<p>Los industriales se quejaron el martes por el aumento de las importaciones, la baja del consumo, la suba de tarifas, los cortes de luz y el acuerdo Mercosur-Uni\u00f3n Europea. \u201cDejen de llorar\u201d, les respondi\u00f3 Cabrera y Acevedo recogi\u00f3 el guante.<\/p>\n<p>\u201cLo que dijo no cae bien; por ah\u00ed est\u00e1n un poco susceptibles\u201d, asegur\u00f3 ayer el titular de la Uni\u00f3n Industria Argentina (UIA), Miguel Acevedo, al ser consultado sobre las declaraciones del ministro de Producci\u00f3n, Francisco Cabrera, quien el s\u00e1bado les pidi\u00f3 a los empresarios \u201cque generen una agenda seria, se dejen de llorar y se pongan a invertir y competir\u201d. El enfrentamiento del gobierno con la principal entidad que re\u00fane a los industriales deja en evidencia los problemas que atraviesa el sector de la producci\u00f3n.<\/p>\n<p>La Junta Directiva de la UIA realiz\u00f3 un encuentro el martes pasado donde quedaron plasmadas numerosas cr\u00edticas al modelo econ\u00f3mico, las cuales r\u00e1pidamente se filtraron a la prensa. En esa reuni\u00f3n, los industriales cuestionaron el crecimiento de las importaciones, la baja del consumo, la suba de tarifas, la persistencia de los cortes de luz y el intento de firmar un acuerdo de libre comercio con la Uni\u00f3n Europea desde el Mercosur justo cuando las principales potencias apelan a herramientas proteccionistas.<\/p>\n<p>Adri\u00e1n Kauffman Brea, representante de Arcor y ex presidente de la UIA, manifest\u00f3 su preocupaci\u00f3n por la creciente importaci\u00f3n de tomates de Italia que ya equivale el 21 por ciento de la producci\u00f3n local. \u201cEs algo que no se puede tolerar\u201d, asegur\u00f3. Alberto Sellaro, de la C\u00e1mara del Calzado, tambi\u00e9n se mostr\u00f3 preocupado por la avalancha importadora. Claudio Rodr\u00edguez, directivo de Sinteplast, dijo que la demanda de pinturas est\u00e1 creciendo, pero que no le puede hacer frente por los reiterados cortes de luz. A la lista de cr\u00edticos se sum\u00f3 tambi\u00e9n Daniel Funes de Rioja quien manifest\u00f3 su malestar por la suba de la al\u00edcuota del impuesto a los Ingresos Brutos que decidieron algunas jurisdicciones. La mayor\u00eda coincidi\u00f3 adem\u00e1s en ver con resquemor el acuerdo Mercosur-Uni\u00f3n Europea que el gobierno se empe\u00f1a en querer firmar, pese a que el contexto internacional cambi\u00f3 luego del ascenso de Donald Trump a la presidencia de Estados Unidos. \u201cEstamos muertos, s\u00f3lo nos queda elegir b\u00f3veda o nicho\u201d, sostuvo el ex titular de la UIA, Jos\u00e9 de Mendiguren, cuando le toc\u00f3 hablar en nombre del sector textil.<\/p>\n<p>\u201cEl pa\u00eds requiere empresarios protagonistas, que tomen una agenda ofensiva y no defensiva para avanzar juntos en el camino de la transformaci\u00f3n productiva, del crecimiento y la inserci\u00f3n internacional\u201d, respondi\u00f3 Cabrera el jueves pasado en una carta dirigida a la entidad fabril. El s\u00e1bado el ministro decidi\u00f3 salir por radio y fue un poco menos protocolar. \u201cQue se dejen de llorar y que se pongan a invertir y a competir\u201d, sostuvo.<\/p>\n<p>\u201cEs cierto que suben las tarifas de la energ\u00eda, pero \u00edbamos a un pa\u00eds normal, donde la energ\u00eda hay que pagarla. Siguen siendo elevados los costos del financiamiento y por eso queremos la ley de financiamiento productivo, y tenemos que seguir bajando los costos de la log\u00edstica\u201d, agreg\u00f3 Cabrera ayer al diario La Naci\u00f3n. \u201cTenemos que trabajar en esa agenda, para eso es necesario que se dejen de llorar y se pongan a invertir\u201d, insisti\u00f3.<\/p>\n<p>\u201cLo vemos como un tropez\u00f3n\u201d, afirm\u00f3 Miguel Acevedo ayer cuando le preguntaron en Radio 10 por las declaraciones de Cabrera. \u201cEn l\u00ednea general, estamos completamente de acuerdo con las medidas del Gobierno, que son a largo plazo, dif\u00edciles de tomar. Despu\u00e9s tambi\u00e9n estamos en la l\u00ednea de batalla para decir esto lo estamos viendo mal, estamos viendo entrar productos que para nosotros son subsidiados. Eso no se puede tomar como una cr\u00edtica, sino como algo para que nos tenemos que sentar a dialogar\u201d, sostuvo. Acevedo consider\u00f3 que la UIA no puede tener \u201cuna mirada de estad\u00edstica\u201d. \u201cEso te dice que hay muchos que les est\u00e1 yendo bien y un mont\u00f3n de gente que no est\u00e1 en esa situaci\u00f3n. Eso no es llorar, no lo quiero mirar como un llanto\u201d, concluy\u00f3.<\/p>\n<h6>Fuente: P\u00e1gina 12<\/h6>\n","protected":false},"excerpt":{"rendered":"<p>Los industriales se quejaron el martes por el aumento de las importaciones, la baja del consumo, la suba de tarifas, los cortes de luz y el acuerdo Mercosur-Uni\u00f3n Europea. \u201cDejen de llorar\u201d, les respondi\u00f3 Cabrera y Acevedo recogi\u00f3 el guante.<\/p>\n","protected":false},"author":2,"featured_media":73716,"comment_status":"closed","ping_status":"closed","sticky":false,"template":"","format":"standard","meta":{"footnotes":""},"categories":[8],"tags":[21],"class_list":["post-73715","post","type-post","status-publish","format-standard","has-post-thumbnail","hentry","category-informe-nacional","tag-argentina"],"_links":{"self":[{"href":"http:\/\/argentinamunicipal.com.ar\/argentina\/wp-json\/wp\/v2\/posts\/73715","targetHints":{"allow":["GET"]}}],"collection":[{"href":"http:\/\/argentinamunicipal.com.ar\/argentina\/wp-json\/wp\/v2\/posts"}],"about":[{"href":"http:\/\/argentinamunicipal.com.ar\/argentina\/wp-json\/wp\/v2\/types\/post"}],"author":[{"embeddable":true,"href":"http:\/\/argentinamunicipal.com.ar\/argentina\/wp-json\/wp\/v2\/users\/2"}],"replies":[{"embeddable":true,"href":"http:\/\/argentinamunicipal.com.ar\/argentina\/wp-json\/wp\/v2\/comments?post=73715"}],"version-history":[{"count":0,"href":"http:\/\/argentinamunicipal.com.ar\/argentina\/wp-json\/wp\/v2\/posts\/73715\/revisions"}],"wp:featuredmedia":[{"embeddable":true,"href":"http:\/\/argentinamunicipal.com.ar\/argentina\/wp-json\/wp\/v2\/media\/73716"}],"wp:attachment":[{"href":"http:\/\/argentinamunicipal.com.ar\/argentina\/wp-json\/wp\/v2\/media?parent=73715"}],"wp:term":[{"taxonomy":"category","embeddable":true,"href":"http:\/\/argentinamunicipal.com.ar\/argentina\/wp-json\/wp\/v2\/categories?post=73715"},{"taxonomy":"post_tag","embeddable":true,"href":"http:\/\/argentinamunicipal.com.ar\/argentina\/wp-json\/wp\/v2\/tags?post=73715"}],"curies":[{"name":"wp","href":"https:\/\/api.w.org\/{rel}","templated":true}]}}