{"id":73788,"date":"2018-03-06T07:14:40","date_gmt":"2018-03-06T10:14:40","guid":{"rendered":"http:\/\/argentinamunicipal.com.ar\/argentina\/?p=73788"},"modified":"2018-03-06T07:14:40","modified_gmt":"2018-03-06T10:14:40","slug":"los-maestros-pararon-techo-salarial","status":"publish","type":"post","link":"http:\/\/argentinamunicipal.com.ar\/argentina\/los-maestros-pararon-techo-salarial\/","title":{"rendered":"Los maestros pararon contra el techo salarial"},"content":{"rendered":"<p>La medida de fuerza tuvo alto acatamiento seg\u00fan Ctera y Sadop, los gremios que la convocaron para exigir que el Gobierno llame a la paritaria nacional y aumente la inversi\u00f3n en educaci\u00f3n. Las clases comenzar\u00e1n normalmente ma\u00f1ana en la mayor\u00eda de los distritos.<\/p>\n<p>El ajuste sobre los salarios, el cierre de escuelas, el desconocimiento de la paritaria nacional, los recortes en la entrega de las netbooks y la no distribuci\u00f3n de libros, la baja de sedes del Plan Fines, la amenaza sobre las jubilaciones. Al temario del paro docente de 48 horas iniciado este lunes, en el comienzo de las clases, podr\u00edan agregarse varias l\u00edneas m\u00e1s. La Ctera \u2013principal confederaci\u00f3n docente del pa\u00eds\u2013 y el Sadop \u2013de los docentes de colegios privados\u2013 las plantearon ayer al realizar una marcha y una huelga que, en el caso de las escuelas p\u00fablicas, continuar\u00e1 durante esta jornada. \u201cEl Gobierno no invierte lo que tiene que invertir en educaci\u00f3n\u201d, resumi\u00f3 Roberto Baradel durante la jornada de protesta de los maestros. El inicio de las clases quedar\u00e1 normalizado as\u00ed reci\u00e9n el mi\u00e9rcoles, aunque en un panorama poco alentador que promete nuevos paros, ya que en la mayor\u00eda de las provincias los gobernadores mantienen propuestas salariales con el techo del 15 por ciento fijado desde la Casa Rosada. Un n\u00famero que est\u00e1 por debajo de todas las expectativas de inflaci\u00f3n anual, incluida la del Banco Central, que la fija en un 19,8 por ciento.<\/p>\n<p>Como en todos los paros docentes, el grado de adhesi\u00f3n fue estimado en forma totalmente dispar. Para Ctera se cumpli\u00f3 en un 85 por ciento. La gobernaci\u00f3n bonaerense, en cambio asegur\u00f3 que hicieron huelga s\u00f3lo 47 de cada cien docentes, es decir que sostuvo que la mayor\u00eda fue a trabajar. A nivel nacional el ministro de Educaci\u00f3n, Alejandro Finocchiaro, dijo que la adhesi\u00f3n fue baja y que hoy lo va a ser m\u00e1s. Para desalentar la protesta, hay una bater\u00eda de descuentos puestos en marcha por las autoridades: del d\u00eda no trabajado, de los \u00edtems por presentismo, de premios como el que pag\u00f3 el viernes la gobernaci\u00f3n bonaerense, de 4500 pesos, a los docentes que no adhirieron a medidas de fuerza durante el a\u00f1o pasado.<\/p>\n<p>As\u00ed y todo, ayer, en el primer d\u00eda de conflicto del a\u00f1o, el esfuerzo de Cambiemos estuvo puesto en desacreditar a los gremios: mientras las organizaciones de los maestros reclamaban por m\u00e1s inversi\u00f3n educativa, Mauricio Macri y el ministro Finocchiaro acusaron a la Ctera de haber manejado la educaci\u00f3n p\u00fablica durante los \u00faltimos a\u00f1os (en alusi\u00f3n a los del kirchnerismo) y de haber bajado su calidad.<\/p>\n<p>\u201cEstamos con problemas graves porque la calidad (de la educaci\u00f3n) no es la que todos so\u00f1\u00e1bamos\u201d, dijo el Presidente al inaugurar las clases en una escuela de Corrientes. Finocchiaro acus\u00f3 a la Ctera: \u201cEllos tuvieron el control de la pol\u00edtica educativa y el resultado se ve en las pruebas Aprender\u201d. Luego, carg\u00f3 violentamente contra sus dirigentes: dijo que ni su titular, Sonia Alesso, ni Roberto Baradel dieron clases sino que \u201cfueron preceptores\u201d. Y que lo que buscan es \u201cconservar sus privilegios\u201d: \u201cSe han vuelto conservadores porque no han entendido para d\u00f3nde va el cambio\u201d.<\/p>\n<p><strong>S\u00f3lo siete<\/strong><br \/>\nM\u00e1s all\u00e1 de la nueva ofensiva sobre los dirigentes, en 17 de los 24 distritos del pa\u00eds no empezaron las clases. Ya que la medida de fuerza se realiz\u00f3 sin asistencia a las escuelas, los docentes expusieron sus reclamos con una serie de marchas, la principal de ellas en la Ciudad de Buenos Aires, hasta la sede del Ministerio de Educaci\u00f3n nacional.<\/p>\n<p>\u201cLe decimos al Gobierno que no vamos a aceptar que nos pongan de rodillas. No nos callamos, no consentimos, no vamos a firmar ninguna cosa en contra de los trabajadores y el pueblo\u201d, subray\u00f3 la titular de Ctera, Alesso, desde el escenario montado frente al ministerio.<\/p>\n<p>Los docentes responsabilizan a Macri y a Finocchiaro por el conflicto. B\u00e1sicamente, por la decisi\u00f3n de desconocer la paritaria nacional, prevista por la Ley de Financiamiento Educativo. Ese \u00e1mbito de negociaci\u00f3n funcion\u00f3 desde 2008 hasta 2016 como el espacio donde los gremios y las autoridades acordaban un piso salarial para los maestros de todo el pa\u00eds, y establec\u00edan los montos de dos fondos nacionales, uno Compensador \u2013para garantizar que las provincias m\u00e1s pobres puedan pagar el piso salarial\u2013 y otro de Incentivo Docente \u2013que se reparte de manera igualitaria entre todos los maestros del pa\u00eds, para mejorar sus sueldos\u2013. En 2016, durante el primer a\u00f1o de la gesti\u00f3n de Cambiemos, la paritaria nacional se realiz\u00f3, fij\u00f3 un piso salarial, destin\u00f3 recursos a esos dos fondos y facilit\u00f3 que los gobernadores estuvieran desahogados para acordar los salarios docentes, provincia por provincia. Pero a partir de 2017, el gobierno nacional desarm\u00f3 la paritaria nacional. Este a\u00f1o la elimin\u00f3 por decreto.<\/p>\n<p>El resultado fue que los docentes vieron caer el poder adquisitivo de sus salarios. Dos an\u00e1lisis de consultoras no oficialistas \u2013CEPA y Cippec\u2013 coinciden en que los sueldos de los maestros tuvieron una p\u00e9rdida de entre 1600 y 1300 pesos en los \u00faltimos dos a\u00f1os. El techo del 15 por ciento fijado por Cambiemos en las paritarias de este a\u00f1o \u2013pese a que el propio BCRA estima una inflaci\u00f3n del 19,8 por ciento\u2013 amenaza con agravar esa ca\u00edda.<\/p>\n<p>En la marcha al ministerio, el titular de la CTA, Hugo Yasky, contest\u00f3 las acusaciones del Gobierno. \u201cHablan de estad\u00edsticas oficiales, que supuestamente demuestran que la Argentina en t\u00e9rminos educativos est\u00e1 atrasada, que est\u00e1 lejos del nivel del primer mundo&#8230; En Am\u00e9rica Latina, la Argentina es el pa\u00eds que tiene el \u00edndice m\u00e1s alto de matriculaci\u00f3n escolar\u201d, se\u00f1al\u00f3 el dirigente, docente \u00e9l mismo. Yasky a\u00f1adi\u00f3 que \u201ceste el pa\u00eds que tiene el \u00edndice m\u00e1s alto de desarrollo social, y eso incluye a la escuela p\u00fablica; es el pa\u00eds que tiene la mejor calificaci\u00f3n de su fuerza de trabajo y eso incluye a la escuela p\u00fablica.\u201d<\/p>\n<p>C\u00f3mo seguir\u00e1 el conflicto depende, en parte, de qu\u00e9 pase en las pr\u00f3ximas reuniones paritarias provinciales. Hay gremios locales que tienen votadas medidas que exceden las 48 horas, otros que esperar\u00e1n recibir mejores propuestas, mientras que en provincias como Jujuy, donde se ofreci\u00f3 un 5 por ciento de aumento, se ha dictado una conciliaci\u00f3n obligatoria. Anticip\u00e1ndose a que no se presenten propuestas salariales superadoras, Baradel adelant\u00f3 que la semana pr\u00f3xima podr\u00eda definirse la continuidad de las medidas de fuerza. \u201cSi no tenemos novedades, volveremos a convocar y decidir\u00e1n los docentes\u201d.<\/p>\n<h6>Fuente: P\u00e1gina 12<\/h6>\n","protected":false},"excerpt":{"rendered":"<p>La medida de fuerza tuvo alto acatamiento seg\u00fan Ctera y Sadop, los gremios que la convocaron para exigir que el Gobierno llame a la paritaria nacional y aumente la inversi\u00f3n en educaci\u00f3n.<\/p>\n","protected":false},"author":2,"featured_media":73789,"comment_status":"closed","ping_status":"closed","sticky":false,"template":"","format":"standard","meta":{"footnotes":""},"categories":[8],"tags":[21],"class_list":["post-73788","post","type-post","status-publish","format-standard","has-post-thumbnail","hentry","category-informe-nacional","tag-argentina"],"_links":{"self":[{"href":"http:\/\/argentinamunicipal.com.ar\/argentina\/wp-json\/wp\/v2\/posts\/73788","targetHints":{"allow":["GET"]}}],"collection":[{"href":"http:\/\/argentinamunicipal.com.ar\/argentina\/wp-json\/wp\/v2\/posts"}],"about":[{"href":"http:\/\/argentinamunicipal.com.ar\/argentina\/wp-json\/wp\/v2\/types\/post"}],"author":[{"embeddable":true,"href":"http:\/\/argentinamunicipal.com.ar\/argentina\/wp-json\/wp\/v2\/users\/2"}],"replies":[{"embeddable":true,"href":"http:\/\/argentinamunicipal.com.ar\/argentina\/wp-json\/wp\/v2\/comments?post=73788"}],"version-history":[{"count":0,"href":"http:\/\/argentinamunicipal.com.ar\/argentina\/wp-json\/wp\/v2\/posts\/73788\/revisions"}],"wp:featuredmedia":[{"embeddable":true,"href":"http:\/\/argentinamunicipal.com.ar\/argentina\/wp-json\/wp\/v2\/media\/73789"}],"wp:attachment":[{"href":"http:\/\/argentinamunicipal.com.ar\/argentina\/wp-json\/wp\/v2\/media?parent=73788"}],"wp:term":[{"taxonomy":"category","embeddable":true,"href":"http:\/\/argentinamunicipal.com.ar\/argentina\/wp-json\/wp\/v2\/categories?post=73788"},{"taxonomy":"post_tag","embeddable":true,"href":"http:\/\/argentinamunicipal.com.ar\/argentina\/wp-json\/wp\/v2\/tags?post=73788"}],"curies":[{"name":"wp","href":"https:\/\/api.w.org\/{rel}","templated":true}]}}