{"id":73791,"date":"2018-03-06T07:17:15","date_gmt":"2018-03-06T10:17:15","guid":{"rendered":"http:\/\/argentinamunicipal.com.ar\/argentina\/?p=73791"},"modified":"2018-03-06T07:17:15","modified_gmt":"2018-03-06T10:17:15","slug":"camioneros-se-aleja-la-cgt-ya-tienen-al-nuevo-secretario-jorge-triaca","status":"publish","type":"post","link":"http:\/\/argentinamunicipal.com.ar\/argentina\/camioneros-se-aleja-la-cgt-ya-tienen-al-nuevo-secretario-jorge-triaca\/","title":{"rendered":"Camioneros se aleja de la CGT porque \u201cya tienen al nuevo secretario: Jorge Triaca\u201d"},"content":{"rendered":"<p>As\u00ed lo afirm\u00f3 Pablo Moyano, quien afirm\u00f3 que \u201cya ha dejado de existir el triunvirato\u201d y no descart\u00f3 reconstruir el Movimiento de los Trabajadores Argentinos.<\/p>\n<p>El secretario gremial del sindicato de\u00a0Camioneros,\u00a0Pablo Moyano, anunci\u00f3 que su gremio se retira de la mesa de la CGT. \u201cCreo que ya tienen al nuevo secretario: Jorge\u00a0Triaca\u201d, lanz\u00f3.<\/p>\n<p>De este modo, Moyano anunci\u00f3 que\u00a0\u00abCamioneros se excluye de la CGT\u201d\u00a0porque \u201cquieren que sea un ap\u00e9ndice al servicio del Gobierno\u00bb, declar\u00f3 en di\u00e1logo con FM La Patriada.<\/p>\n<p>En ese sentido, el sindicalista denunci\u00f3 que\u00a0\u00aben la CGT ya ha dejado de existir el triunvirato\u201d. \u201cCamioneros se va a excluir, no va a participar en el nuevo armado y creo que ya tienen al nuevo secretario de la GCT: Jorge Triaca\u00bb, adelant\u00f3.<\/p>\n<p>En este sentido, Moyano desliz\u00f3 que piensan volver a reconstruir el\u00a0Movimiento de los Trabajadores Argentinos\u00a0(MTA):\u00a0\u201cAs\u00ed le dimos pelea al menemismo, hoy se repite la historia y nosotros vamos a estar en la calle\u00bb.<\/p>\n<p>Adem\u00e1s, Moyano arremeti\u00f3 contra los dirigentes sindicales que salieron a firmar paritarias a la baja al asegurar que \u00abel gobierno ha hecho campa\u00f1as contra dirigentes gremiales para subordinarlos, firmar paritarias del 12 al 15%, para modificar su convenio colectivo de trabajo\u00bb.<\/p>\n<p>Y apunt\u00f3 con todo contra los sindicalistas que se fueron de viaje con Triaca a Europa: \u00abLos muchachos que viajaron con el ministro Triaca a Europa deber\u00edan estar en el pa\u00eds defendiendo a sus trabajadores\u00bb.<\/p>\n<h6>Fuente: InfoNews<\/h6>\n","protected":false},"excerpt":{"rendered":"<p>As\u00ed lo afirm\u00f3 Pablo Moyano, quien afirm\u00f3 que \u201cya ha dejado de existir el triunvirato\u201d y no descart\u00f3 reconstruir el Movimiento de los Trabajadores Argentinos.<\/p>\n","protected":false},"author":2,"featured_media":73792,"comment_status":"closed","ping_status":"closed","sticky":false,"template":"","format":"standard","meta":{"footnotes":""},"categories":[8],"tags":[21],"class_list":["post-73791","post","type-post","status-publish","format-standard","has-post-thumbnail","hentry","category-informe-nacional","tag-argentina"],"_links":{"self":[{"href":"http:\/\/argentinamunicipal.com.ar\/argentina\/wp-json\/wp\/v2\/posts\/73791","targetHints":{"allow":["GET"]}}],"collection":[{"href":"http:\/\/argentinamunicipal.com.ar\/argentina\/wp-json\/wp\/v2\/posts"}],"about":[{"href":"http:\/\/argentinamunicipal.com.ar\/argentina\/wp-json\/wp\/v2\/types\/post"}],"author":[{"embeddable":true,"href":"http:\/\/argentinamunicipal.com.ar\/argentina\/wp-json\/wp\/v2\/users\/2"}],"replies":[{"embeddable":true,"href":"http:\/\/argentinamunicipal.com.ar\/argentina\/wp-json\/wp\/v2\/comments?post=73791"}],"version-history":[{"count":0,"href":"http:\/\/argentinamunicipal.com.ar\/argentina\/wp-json\/wp\/v2\/posts\/73791\/revisions"}],"wp:featuredmedia":[{"embeddable":true,"href":"http:\/\/argentinamunicipal.com.ar\/argentina\/wp-json\/wp\/v2\/media\/73792"}],"wp:attachment":[{"href":"http:\/\/argentinamunicipal.com.ar\/argentina\/wp-json\/wp\/v2\/media?parent=73791"}],"wp:term":[{"taxonomy":"category","embeddable":true,"href":"http:\/\/argentinamunicipal.com.ar\/argentina\/wp-json\/wp\/v2\/categories?post=73791"},{"taxonomy":"post_tag","embeddable":true,"href":"http:\/\/argentinamunicipal.com.ar\/argentina\/wp-json\/wp\/v2\/tags?post=73791"}],"curies":[{"name":"wp","href":"https:\/\/api.w.org\/{rel}","templated":true}]}}