{"id":73794,"date":"2018-03-06T07:25:16","date_gmt":"2018-03-06T10:25:16","guid":{"rendered":"http:\/\/argentinamunicipal.com.ar\/argentina\/?p=73794"},"modified":"2018-03-06T07:25:16","modified_gmt":"2018-03-06T10:25:16","slug":"gobierno-deberia-escuchar","status":"publish","type":"post","link":"http:\/\/argentinamunicipal.com.ar\/argentina\/gobierno-deberia-escuchar\/","title":{"rendered":"\u201cEl Gobierno deber\u00eda escuchar\u201d"},"content":{"rendered":"<p>La dirigente sindical de los docentes reclam\u00f3 que el Ejecutivo convoque a la paritaria nacional para negociar una recuperaci\u00f3n del poder adquisitivo de los salarios y actualizar los fondos educativos congelados desde hace dos a\u00f1os.<\/p>\n<p>Al cabo del primer d\u00eda del paro docente convocado por Ctera en todo el pa\u00eds, la titular de ese gremio, Sonia Alesso, le exigi\u00f3 al Gobierno que \u201cest\u00e9 m\u00e1s atento\u201d al reclamo de los maestros, que convoque a la paritaria nacional docente y actualice el financiamiento educativo que \u201cest\u00e1 congelado desde hace dos a\u00f1os\u201d. En di\u00e1logo con P\u00e1ginaI12, Alesso recomend\u00f3 al Ejecutivo \u201ccopiar la mejor versi\u00f3n de s\u00ed mismo, la de 2016, cuando convoc\u00f3 a paritarias, hubo aumento, hubo ley de financiaci\u00f3n y no hubo casi conflicto\u201d.<\/p>\n<p>\u2013Desde el Ejecutivo calificaron de \u201cmuy bajo\u201d el acatamiento docente a la primera jornada del paro. \u00bfQu\u00e9 evaluaci\u00f3n hace la Ctera?<\/p>\n<p>\u2013Que fue un paro con un alt\u00edsimo acatamiento a nivel nacional, apoyado por una movilizaci\u00f3n de m\u00e1s de 60 mil docentes de todo el pa\u00eds, acompa\u00f1ados por padres, por sindicatos de la CGT y la CTA, movimientos sociales, estudiantes, pedagogos y pedagogas, as\u00ed que estamos contentos y orgullosos. A pesar de las presiones que el Gobierno ejerci\u00f3 sobre gobernadores e incluso muchos gremios provinciales, el paro tuvo un acatamiento alt\u00edsimo.<\/p>\n<p>\u2013\u00bfSe pueden evaluar como presiones sobre los trabajadores el pago del presentismo dispuesto por la gobernadora Mar\u00eda Eugenia Vidal? \u00bfC\u00f3mo influy\u00f3?<\/p>\n<p>\u2013No influy\u00f3. Hicieron de todo en la provincia de Buenos Aires y no les fue bien. El acatamiento de la medida es del 85 por ciento. Han hecho de todo, desde amenazar con los descuentos, hasta mandar a los inspectores del Ministerio de Trabajo a las escuelas. Bien har\u00edan, en vez de mandarlos a ver qui\u00e9n adhiere o no un paro, en evaluar la situaci\u00f3n edilicia de las escuelas. Pero est\u00e1 claro que ni al gobierno bonaerense ni al nacional les sirven las pol\u00edticas de presiones. Es un error, nosotros lo dijimos en el acto. El Gobierno deber\u00eda escuchar, deber\u00eda estar m\u00e1s atento a un reclamo que es leg\u00edtimo, que es que se llame a la paritaria nacional y se discuta la actualizaci\u00f3n del financiamiento para la educaci\u00f3n. Un reclamo que est\u00e1 amparado por la ley que vot\u00f3 el Parlamento y que el Gobierno tiene la obligaci\u00f3n de respetar y cumplir. Por el otro lado, los gobiernos provinciales tienen que convocar a los gremios locales a mesas paritarias y mejorar las ofertas de la Naci\u00f3n.<\/p>\n<p>\u2013Esta deber\u00eda ser la tercera paritaria entre los gremios y el gobierno de Cambiemos. \u00bfCu\u00e1l es el comportamiento que pueden evaluar como com\u00fan a los tres a\u00f1os?<\/p>\n<p>\u2013Hoy dec\u00edamos en el acto que el gobierno nacional podr\u00eda copiar la mejor versi\u00f3n de s\u00ed mismo, la de 2016, cuando convoc\u00f3 a paritarias nacionales, hubo aumento salarial, hubo ley de financiamiento y no hubo casi conflicto en las provincias. Ni hablar de los a\u00f1os anteriores.<\/p>\n<p>\u2013\u00bfPor qu\u00e9 consideran que no hizo en 2017 ni este a\u00f1o lo que s\u00ed en 2016?<\/p>\n<p>\u2013Porque saben que si llaman a paritarias no le pueden poner techo a la negociaci\u00f3n. No existen paritarias condicionadas, las paritarias condicionadas no son paritarias. Y su intenci\u00f3n es muy clara: disciplinar a los trabajadores y ajustar. Y no quieren disciplinarnos a nosotros solos, sino a todos los trabajadores, demostrando que \u00e9ste va a ser el porcentaje m\u00e1ximo de negociaci\u00f3n general. Sabemos que la paritaria de los maestros es una de las primeras de cada a\u00f1o.<\/p>\n<p>\u2013En ese sentido \u00bfcu\u00e1nto vale el acompa\u00f1amiento de la comunidad educativa y de otros sectores de trabajadores?<\/p>\n<p>\u2013Es fundamental. No es una batalla que se gana aislados. Nunca lo fue. La Carpa Blanca tampoco. Adem\u00e1s, los maestros estamos afectados por las pol\u00edticas que afectan a todos los trabajadores, incluso a los padres y madres de los chicos que nosotros educamos. Y el Gobierno no muestra encuestas porque todas le dicen que nosotros tenemos raz\u00f3n. Cualquier trabajador que va al supermercado o al que le lleg\u00f3 la boleta de luz sabe perfectamente que con un 15 por ciento de aumento anual, a pagar en tres cuotas de cinco culminando a fin de a\u00f1o, no come, no llega a fin de mes. El propio Cippec cita un informe que es similar al nuestro y que dice que hace dos a\u00f1os que los salarios docentes pierden poder adquisitivo. Por eso reclamamos recuperar los puntos de poder adquisitivo perdidos el a\u00f1o pasado y luego que nos reconozcan un aumento para 2018 acorde con lo que ser\u00e1 la inflaci\u00f3n real y no un c\u00e1lculo como el oficial, que todo el mundo sabe que ser\u00e1 superado. Lo que el Gobierno deber\u00eda hacer es respetar la ley: convocar a los gremios a discutir el financiamiento educativo tambi\u00e9n, no solo discutir paritarias. Actualizar el Fondo Nacional de Incentivo Docente y el Fondo Compensador de Desigualdades Salariales, congelados desde 2016.<\/p>\n<p>\u2013\u00bfC\u00f3mo sigue el plan de reclamos?<\/p>\n<p>\u2013Despu\u00e9s de este paro de 48 horas, la Ctera convocar\u00e1 la semana pr\u00f3xima a un plenario de secretarios generales. Estamos pensando en una marcha federal educativa para abril que recorra todas las provincias haciendo actos en pueblos y ciudades. En las provincias donde a\u00fan no hay acuerdo \u201317 en total\u2013 es necesario que los gobiernos convoquen a la mesa local para dar una propuesta coherente con lo que corresponde a un aumento digno. A nivel nacional ni siquiera est\u00e1n convocando y nosotros hemos impugnado el decreto 52 de 2018 con el que derogaron la paritaria nacional docente, una ley aprobada por el Congreso, algo absolutamente inconstitucional. Adem\u00e1s, adherimos el 8 al paro internacional de mujeres. Toda la Ctera movilizar\u00e1 y participaremos de las actividades que se decidan en cada provincia.<\/p>\n<h6>Fuente: P\u00e1gina 12<\/h6>\n","protected":false},"excerpt":{"rendered":"<p>La dirigente sindical de los docentes reclam\u00f3 que el Ejecutivo convoque a la paritaria nacional para negociar una recuperaci\u00f3n del poder adquisitivo de los salarios y actualizar los fondos educativos congelados desde hace dos a\u00f1os.<\/p>\n","protected":false},"author":2,"featured_media":73795,"comment_status":"closed","ping_status":"closed","sticky":false,"template":"","format":"standard","meta":{"footnotes":""},"categories":[8],"tags":[21],"class_list":["post-73794","post","type-post","status-publish","format-standard","has-post-thumbnail","hentry","category-informe-nacional","tag-argentina"],"_links":{"self":[{"href":"http:\/\/argentinamunicipal.com.ar\/argentina\/wp-json\/wp\/v2\/posts\/73794","targetHints":{"allow":["GET"]}}],"collection":[{"href":"http:\/\/argentinamunicipal.com.ar\/argentina\/wp-json\/wp\/v2\/posts"}],"about":[{"href":"http:\/\/argentinamunicipal.com.ar\/argentina\/wp-json\/wp\/v2\/types\/post"}],"author":[{"embeddable":true,"href":"http:\/\/argentinamunicipal.com.ar\/argentina\/wp-json\/wp\/v2\/users\/2"}],"replies":[{"embeddable":true,"href":"http:\/\/argentinamunicipal.com.ar\/argentina\/wp-json\/wp\/v2\/comments?post=73794"}],"version-history":[{"count":0,"href":"http:\/\/argentinamunicipal.com.ar\/argentina\/wp-json\/wp\/v2\/posts\/73794\/revisions"}],"wp:featuredmedia":[{"embeddable":true,"href":"http:\/\/argentinamunicipal.com.ar\/argentina\/wp-json\/wp\/v2\/media\/73795"}],"wp:attachment":[{"href":"http:\/\/argentinamunicipal.com.ar\/argentina\/wp-json\/wp\/v2\/media?parent=73794"}],"wp:term":[{"taxonomy":"category","embeddable":true,"href":"http:\/\/argentinamunicipal.com.ar\/argentina\/wp-json\/wp\/v2\/categories?post=73794"},{"taxonomy":"post_tag","embeddable":true,"href":"http:\/\/argentinamunicipal.com.ar\/argentina\/wp-json\/wp\/v2\/tags?post=73794"}],"curies":[{"name":"wp","href":"https:\/\/api.w.org\/{rel}","templated":true}]}}