{"id":73797,"date":"2018-03-06T06:26:05","date_gmt":"2018-03-06T09:26:05","guid":{"rendered":"http:\/\/argentinamunicipal.com.ar\/argentina\/?p=73797"},"modified":"2018-03-06T07:28:14","modified_gmt":"2018-03-06T10:28:14","slug":"avalancha-importadora-indumentaria","status":"publish","type":"post","link":"http:\/\/argentinamunicipal.com.ar\/argentina\/avalancha-importadora-indumentaria\/","title":{"rendered":"Avalancha importadora de indumentaria"},"content":{"rendered":"<p>En dos a\u00f1os las importaciones crecieron 83 por ciento medidas en cantidades.<\/p>\n<p>La importaci\u00f3n de prendas terminadas escal\u00f3 83,3 por ciento en enero frente al mismo per\u00edodo del a\u00f1o pasado. La cifra est\u00e1 medida en cantidades. El precio promedio de esa ropa proveniente de destinos asi\u00e1ticos marc\u00f3 una ca\u00edda del 12,8 por ciento. Con esa ecuaci\u00f3n, el valor de las prendas importadas anot\u00f3 un incremento del 59,8 por ciento en el primer mes del a\u00f1o.<\/p>\n<p>A partir de la \u00faltima informaci\u00f3n oficial disponible, la C\u00e1mara Industrial Argentina de la Indumentaria (CIAI) estim\u00f3 que \u201ccomo consecuencia de la ca\u00edda del consumo de ropa y el aumento de las importaciones, la producci\u00f3n nacional se redujo 1,1 por ciento interanual durante el tercer trimestre de 2017\u201d.<\/p>\n<p>La Consultora Radar comparte el diagn\u00f3stico elaborado por la c\u00e1mara empresaria. \u201cOtro de los rubros de consumo masivo que presenta una fuerte ca\u00edda de los niveles de producci\u00f3n y en los que se registran aumentos de las compras al exterior es indumentaria. Entre 2015 y 2017, las importaciones crecieron 83 por ciento medidas en cantidades\u201d.<\/p>\n<p>Los incrementos m\u00e1s significativos se observaron en el ingreso de sweaters y pantalones, con alzas del 132 y 124 por ciento, respectivamente. Las compras de ropa de cama o cocina subieron 103 por ciento y la importaci\u00f3n de camisas lo hizo al 94 por ciento.<\/p>\n<p>La \u00faltima edici\u00f3n del Sem\u00e1foro de la Indumentaria Argentina, correspondiente a marzo de 2018, evidencia que las ventas de indumentaria no logran encontrar un sendero del crecimiento. \u201cEste d\u00e9bil desempe\u00f1o del consumo est\u00e1 principalmente asociado a la pobre recuperaci\u00f3n del poder adquisitivo de los salarios de los trabajadores\u201d, sostienen desde CIAI.<\/p>\n<h6>Fuente: P\u00e1gina 12<\/h6>\n","protected":false},"excerpt":{"rendered":"<p>En dos a\u00f1os las importaciones crecieron 83 por ciento medidas en cantidades.\u00a0 <\/p>\n","protected":false},"author":2,"featured_media":73798,"comment_status":"closed","ping_status":"closed","sticky":false,"template":"","format":"standard","meta":{"footnotes":""},"categories":[8],"tags":[21],"class_list":["post-73797","post","type-post","status-publish","format-standard","has-post-thumbnail","hentry","category-informe-nacional","tag-argentina"],"_links":{"self":[{"href":"http:\/\/argentinamunicipal.com.ar\/argentina\/wp-json\/wp\/v2\/posts\/73797","targetHints":{"allow":["GET"]}}],"collection":[{"href":"http:\/\/argentinamunicipal.com.ar\/argentina\/wp-json\/wp\/v2\/posts"}],"about":[{"href":"http:\/\/argentinamunicipal.com.ar\/argentina\/wp-json\/wp\/v2\/types\/post"}],"author":[{"embeddable":true,"href":"http:\/\/argentinamunicipal.com.ar\/argentina\/wp-json\/wp\/v2\/users\/2"}],"replies":[{"embeddable":true,"href":"http:\/\/argentinamunicipal.com.ar\/argentina\/wp-json\/wp\/v2\/comments?post=73797"}],"version-history":[{"count":0,"href":"http:\/\/argentinamunicipal.com.ar\/argentina\/wp-json\/wp\/v2\/posts\/73797\/revisions"}],"wp:featuredmedia":[{"embeddable":true,"href":"http:\/\/argentinamunicipal.com.ar\/argentina\/wp-json\/wp\/v2\/media\/73798"}],"wp:attachment":[{"href":"http:\/\/argentinamunicipal.com.ar\/argentina\/wp-json\/wp\/v2\/media?parent=73797"}],"wp:term":[{"taxonomy":"category","embeddable":true,"href":"http:\/\/argentinamunicipal.com.ar\/argentina\/wp-json\/wp\/v2\/categories?post=73797"},{"taxonomy":"post_tag","embeddable":true,"href":"http:\/\/argentinamunicipal.com.ar\/argentina\/wp-json\/wp\/v2\/tags?post=73797"}],"curies":[{"name":"wp","href":"https:\/\/api.w.org\/{rel}","templated":true}]}}