{"id":73803,"date":"2018-03-06T07:33:55","date_gmt":"2018-03-06T10:33:55","guid":{"rendered":"http:\/\/argentinamunicipal.com.ar\/argentina\/?p=73803"},"modified":"2018-03-06T07:33:55","modified_gmt":"2018-03-06T10:33:55","slug":"puente-santo-tome-santa-fe-sin-respuestas-nacion","status":"publish","type":"post","link":"http:\/\/argentinamunicipal.com.ar\/argentina\/puente-santo-tome-santa-fe-sin-respuestas-nacion\/","title":{"rendered":"Puente Santo Tom\u00e9 \u2013 Santa Fe: sin respuestas de Naci\u00f3n"},"content":{"rendered":"<p>A mediados de febrero, el gobierno provincial le pidi\u00f3 al Ministerio de Transporte que incluya este enlace estrat\u00e9gico para el \u00e1rea metropolitana entre las obras del nuevo puente entre Santa Fe y Paran\u00e1, que se licitar\u00edan este a\u00f1o.<\/p>\n<p>Las declaraciones del ministro de Transporte de la Naci\u00f3n, Guillermo Dietrich, volvieron a colocar a la obra del puente a Santo Tom\u00e9 en el centro de la agenda. El ministro dijo que hab\u00eda que fijar prioridades, que es m\u00e1s importante la conexi\u00f3n con Paran\u00e1 y que es un enlace \u2014entre dos ciudades santafesinas\u2014 que deber\u00eda gestionar la provincia, a pesar de que existe un compromiso del gobierno nacional de concretarla que lleva m\u00e1s de diez a\u00f1os.<\/p>\n<p>En una nota firmada por el gobernador Miguel Lifschitz, que se entreg\u00f3 al Ministerio de Transporte el 14 de febrero, la provincia propone que se incluya la conexi\u00f3n vial entre Santa Fe-Santo Tom\u00e9 en el programa PPP (Participaci\u00f3n P\u00fablica Privada) de la Direcci\u00f3n Nacional de Vialidad para construir el puente entre Santa Fe y Paran\u00e1.<\/p>\n<p>\u201cDesde el punto de vista pol\u00edtico, es fundamental lograr que se concrete una obra que nos est\u00e1n debiendo, porque la provincia realiz\u00f3 la autov\u00eda de la ruta 19\u201d, record\u00f3 Leonardo Simoniello, secretario de Desarrollo Sustentable y \u00c1reas Metropolitanas de la provincia.<\/p>\n<p>El funcionario advirti\u00f3 que existe el riesgo de que si la obra no se incluye ahora, los santafesinos y santotomesinos tengan que esperar una nueva gesti\u00f3n presidencial para que se concrete, ya que es dif\u00edcil que se destine otra obra de esta \u201cenvergadura\u201d a la regi\u00f3n. \u201cEl Puente Carretero tiene casi 80 a\u00f1os y est\u00e1 saturado de tr\u00e1nsito, porque el crecimiento inmobiliario tambi\u00e9n fue muy importante en esa zona\u201d, explic\u00f3.<\/p>\n<p>En la nota que la provincia envi\u00f3 a Naci\u00f3n se precisa que al Puente Carretero lo utilizan m\u00e1s de 35.000 veh\u00edculos por d\u00eda y que colapsa en los horarios pico (temprano a la ma\u00f1ana, al mediod\u00eda y a la vuelta del trabajo). Tambi\u00e9n se recuerda que desde el 2014 la obra cuenta con proyecto ejecutivo \u2014que financi\u00f3 el estado nacional, justamente porque se hab\u00eda comprometido a realizar la obra\u2014 y traza acordada entre los municipios de Santa Fe y Santo Tom\u00e9.<\/p>\n<p>\u201cLa posibilidad de incluir este puente en las obras de la nueva conexi\u00f3n con Paran\u00e1 ser\u00eda fant\u00e1stica, porque solucionar\u00eda problemas de conectividad y log\u00edsticos en muchas ciudades del \u00e1rea metropolitana, como Santa Fe, Santo Tom\u00e9, Sauce Viejo y Rinc\u00f3n, entre otras\u201d, concluy\u00f3 Simoniello.<\/p>\n<p>Hasta el momento no hubo una respuesta formal de parte del Ministerio de Transporte de la Naci\u00f3n a la nota que envi\u00f3 la provincia.<\/p>\n<h6>Fuente: Sin Mordaza<\/h6>\n","protected":false},"excerpt":{"rendered":"<p>A mediados de febrero, el gobierno provincial le pidi\u00f3 al Ministerio de Transporte que incluya este enlace estrat\u00e9gico para el \u00e1rea metropolitana entre las obras del nuevo puente entre Santa Fe y Paran\u00e1, que se licitar\u00edan este a\u00f1o.<\/p>\n","protected":false},"author":2,"featured_media":73804,"comment_status":"closed","ping_status":"closed","sticky":false,"template":"","format":"standard","meta":{"footnotes":""},"categories":[2],"tags":[10],"class_list":["post-73803","post","type-post","status-publish","format-standard","has-post-thumbnail","hentry","category-informe-municipal","tag-santa-fe"],"_links":{"self":[{"href":"http:\/\/argentinamunicipal.com.ar\/argentina\/wp-json\/wp\/v2\/posts\/73803","targetHints":{"allow":["GET"]}}],"collection":[{"href":"http:\/\/argentinamunicipal.com.ar\/argentina\/wp-json\/wp\/v2\/posts"}],"about":[{"href":"http:\/\/argentinamunicipal.com.ar\/argentina\/wp-json\/wp\/v2\/types\/post"}],"author":[{"embeddable":true,"href":"http:\/\/argentinamunicipal.com.ar\/argentina\/wp-json\/wp\/v2\/users\/2"}],"replies":[{"embeddable":true,"href":"http:\/\/argentinamunicipal.com.ar\/argentina\/wp-json\/wp\/v2\/comments?post=73803"}],"version-history":[{"count":0,"href":"http:\/\/argentinamunicipal.com.ar\/argentina\/wp-json\/wp\/v2\/posts\/73803\/revisions"}],"wp:featuredmedia":[{"embeddable":true,"href":"http:\/\/argentinamunicipal.com.ar\/argentina\/wp-json\/wp\/v2\/media\/73804"}],"wp:attachment":[{"href":"http:\/\/argentinamunicipal.com.ar\/argentina\/wp-json\/wp\/v2\/media?parent=73803"}],"wp:term":[{"taxonomy":"category","embeddable":true,"href":"http:\/\/argentinamunicipal.com.ar\/argentina\/wp-json\/wp\/v2\/categories?post=73803"},{"taxonomy":"post_tag","embeddable":true,"href":"http:\/\/argentinamunicipal.com.ar\/argentina\/wp-json\/wp\/v2\/tags?post=73803"}],"curies":[{"name":"wp","href":"https:\/\/api.w.org\/{rel}","templated":true}]}}