{"id":73847,"date":"2018-03-07T07:13:42","date_gmt":"2018-03-07T10:13:42","guid":{"rendered":"http:\/\/argentinamunicipal.com.ar\/argentina\/?p=73847"},"modified":"2018-03-07T07:13:42","modified_gmt":"2018-03-07T10:13:42","slug":"medio-sueldo-los-trabajadores-del-inti","status":"publish","type":"post","link":"http:\/\/argentinamunicipal.com.ar\/argentina\/medio-sueldo-los-trabajadores-del-inti\/","title":{"rendered":"Medio sueldo para los trabajadores del INTI"},"content":{"rendered":"<p>Los trabajadores del INTI denunciaron que la gesti\u00f3n de Javier Ib\u00e1\u00f1ez les aplic\u00f3 descuentos de hasta 15 mil pesos por las medidas de fuerza que realizaron contra los 258 despidos en el instituto. Quiz\u00e1s esto se deba a las funciones que Iba\u00f1ez vino a desempe\u00f1ar. En un audio que se viraliz\u00f3, se lo escucha al titular del INTI decir que Mauricio Macri lo mand\u00f3 all\u00ed con el solo objetivo de evitar que \u201ccorten la General Paz\u201d. En tanto, luego de una serie de escraches a quienes colaboraron con los despidos, la delegada de UPCN, Susana Civile, apareci\u00f3 en otro audio diciendo que est\u00e1n por contratar una nueva empresa de seguridad, que llegar\u00e1 con \u201cochenta monos\u201d. \u201cLas autoridades van a resolver las cosas a las patadas en el culo y me solidarizo con eso\u201d, dijo la delegada.<\/p>\n<p>Iba\u00f1ez viene teniendo que explicar las contrataciones que hizo de decenas de asesores, los viajes que realiz\u00f3 y las consultoras a las que les pag\u00f3, entre ellas la vasca Tecnalia que cobr\u00f3 por adelantado por presentarle un \u201cmasterplan\u201d. Por los despidos, el INTI lleva ya m\u00e1s de 40 d\u00edas de conflicto, que incluye la permanencia pac\u00edfica de los despedidos. La \u00faltima noticia fue que con el sueldo de febrero, los trabajadores que adhirieron a las medidas de fuerza descubrieron que les descontaron hasta un 40 por ciento de su sueldo por \u201causencias no justificadas\u201d.<\/p>\n<p>En tanto, circul\u00f3 un audio de Iba\u00f1ez de 2016, en el que dice: \u201cMacri me conoce mucho y me pone siempre a resolver quilombos. Me pone en la Agencia Gubernamental de Control a resolver luego de que se cae un inmueble y se mueren tres personas\u201d, dice en alusi\u00f3n al derrumbe del Gimnasio en Villa Urquiza, por la que lleg\u00f3 Iba\u00f1ez a ese cargo. No cont\u00f3, en tanto, que en su gesti\u00f3n se derrumb\u00f3 el boliche Beara y murieron dos mujeres. \u201cMe pone en un quilombo sindical en el Teatro Col\u00f3n. Y cuando asumimos ac\u00e1, me dice: tenemos un problema en el INTI no queremos que corten la General Paz. Ese era el desaf\u00edo\u201d, afirma.<\/p>\n<p>Adem\u00e1s, circul\u00f3 un video en el que se ve al jefe de la Direcci\u00f3n de Compras Centros, Mariano Cabeza, mientras es escrachado por los trabajadores en el comedor. A ra\u00edz de esto, otro audio que se viraliz\u00f3 la mostr\u00f3 a la delegada de UPCN Sara Civile, comentando el hecho: \u201cMe enter\u00e9 del descontrol que fue el comedor. No entiendo como nuestros compa\u00f1eros no dicen, por lo menos, \u2018c\u00e1llense\u2019. Esto no puede seguir as\u00ed\u201d. \u201cHace un momento me comuniqu\u00e9 con (Ernesto) Luna (gerente de Recursos Humanos) para expresarle la preocupaci\u00f3n. Y le pregunt\u00e9 qu\u00e9 piensan hacer. Bueno, ellos van a tomar cartas en el asunto y van a resolver las cosas a las patadas en el culo y me solidarizo con eso. Han contratado una empresa de seguridad que va a empezar a actuar en el INTI y va a empezar a poner orden con ochenta monos a la manera de los patovas\u201d.<\/p>\n<h6>Fuente: P\u00e1gina 12<\/h6>\n","protected":false},"excerpt":{"rendered":"<p>\u00a0Los trabajadores del INTI denunciaron que la gesti\u00f3n de Javier Ib\u00e1\u00f1ez les aplic\u00f3 descuentos de hasta 15 mil pesos por las medidas de fuerza que realizaron contra los 258 despidos en el instituto.<\/p>\n","protected":false},"author":2,"featured_media":73848,"comment_status":"closed","ping_status":"closed","sticky":false,"template":"","format":"standard","meta":{"footnotes":""},"categories":[8],"tags":[21],"class_list":["post-73847","post","type-post","status-publish","format-standard","has-post-thumbnail","hentry","category-informe-nacional","tag-argentina"],"_links":{"self":[{"href":"http:\/\/argentinamunicipal.com.ar\/argentina\/wp-json\/wp\/v2\/posts\/73847","targetHints":{"allow":["GET"]}}],"collection":[{"href":"http:\/\/argentinamunicipal.com.ar\/argentina\/wp-json\/wp\/v2\/posts"}],"about":[{"href":"http:\/\/argentinamunicipal.com.ar\/argentina\/wp-json\/wp\/v2\/types\/post"}],"author":[{"embeddable":true,"href":"http:\/\/argentinamunicipal.com.ar\/argentina\/wp-json\/wp\/v2\/users\/2"}],"replies":[{"embeddable":true,"href":"http:\/\/argentinamunicipal.com.ar\/argentina\/wp-json\/wp\/v2\/comments?post=73847"}],"version-history":[{"count":0,"href":"http:\/\/argentinamunicipal.com.ar\/argentina\/wp-json\/wp\/v2\/posts\/73847\/revisions"}],"wp:featuredmedia":[{"embeddable":true,"href":"http:\/\/argentinamunicipal.com.ar\/argentina\/wp-json\/wp\/v2\/media\/73848"}],"wp:attachment":[{"href":"http:\/\/argentinamunicipal.com.ar\/argentina\/wp-json\/wp\/v2\/media?parent=73847"}],"wp:term":[{"taxonomy":"category","embeddable":true,"href":"http:\/\/argentinamunicipal.com.ar\/argentina\/wp-json\/wp\/v2\/categories?post=73847"},{"taxonomy":"post_tag","embeddable":true,"href":"http:\/\/argentinamunicipal.com.ar\/argentina\/wp-json\/wp\/v2\/tags?post=73847"}],"curies":[{"name":"wp","href":"https:\/\/api.w.org\/{rel}","templated":true}]}}