{"id":73853,"date":"2018-03-07T07:18:24","date_gmt":"2018-03-07T10:18:24","guid":{"rendered":"http:\/\/argentinamunicipal.com.ar\/argentina\/?p=73853"},"modified":"2018-03-07T07:18:24","modified_gmt":"2018-03-07T10:18:24","slug":"efecto-tenaza-las-pymes","status":"publish","type":"post","link":"http:\/\/argentinamunicipal.com.ar\/argentina\/efecto-tenaza-las-pymes\/","title":{"rendered":"Efecto tenaza a las pymes"},"content":{"rendered":"<p>La mitad de las peque\u00f1as y medianas empresas est\u00e1 en una situaci\u00f3n de vulnerabilidad. Este cr\u00edtico panorama surge de un relevamiento realizado por una entidad que agrupa a esas firmas. Reducci\u00f3n del mercado interno y ca\u00edda del salario real.<\/p>\n<p>Las peque\u00f1as y medianas empresas sufren el efecto tenaza de aumento en los costos, producto de los tarifazos en los servicios regulados y el derivado de la devaluaci\u00f3n, y ca\u00edda en las ventas. El resultado es que m\u00e1s de la mitad de este universo se encuentra en una situaci\u00f3n de extrema vulnerabilidad. \u201cUn 43 por ciento de las empresas empleadoras industriales consultadas indicaron que est\u00e1n al 50 por ciento o menos de su capacidad industrial utilizada\u201d, se\u00f1ala un relevamiento realizado para el \u00faltimo trimestre del a\u00f1o pasado por la Asociaci\u00f3n de Empresarios Nacionales para el Desarrollo Argentino (ENAC). El documento aclara que, si se toma en cuenta, el tama\u00f1o de las empresas que est\u00e1n dentro de la zona de vulnerabilidad econ\u00f3mica son micro y peque\u00f1as que cuentan con menos de 50 trabajadores.<\/p>\n<p>La ENAC es un movimiento que re\u00fane a representantes de unas cien pymes nacionales, cooperativas y empresas recuperadas nacionales de diversos sectores. En su \u00faltimo informe trimestral de la Encuesta de Expectativas Econ\u00f3micas, realizado sobre un universo de 358 emprendimientos ubicados principalmente en la regi\u00f3n metropolitana, se destaca que la capacidad instalada de las pymes est\u00e1 varios puntos por debajo de la media de la econom\u00eda. \u201cSi bien el promedio de todas las industrias empleadoras consultadas est\u00e1 al 60 por ciento de su capacidad industrial utilizada, este nivel se encuentra 4 por ciento por debajo de lo informado por el Indec, que mide principalmente a las grandes plantas fabriles de la Argentina\u201d, se\u00f1ala. Incluso para la actividad en general, la utilizaci\u00f3n de la capacidad instalada se encuentra cinco puntos por debajo del 70 que promedio 2014-2015.<\/p>\n<p>\u201cA esto hay que sumar tarifas y aumento de impuestos. Estamos ante un esquema de pinzas de ca\u00edda de ventas y costos en aumento. Entendemos que hay que generar pol\u00edticas p\u00fablicas discriminadas entre peque\u00f1as y grandes empresas\u201d, dijo a este diario Leo Bilanski, presidente de ENAC. \u201cEl problema es que se achica el mercado interno porque no lo cuidan y atacan los ingresos de los asalariados\u201d, agreg\u00f3 Bilanski, directivo adem\u00e1s de una pyme del rubro servicios. En las pymes es donde se conjuga el peor escenario de la pol\u00edtica econ\u00f3mica y son las m\u00e1s afectadas por la suba de los costos de los servicios p\u00fablicos, como energ\u00eda, gas, agua, combustible y peajes, entre otros. Del universo relevado, el 19,9 por ciento representa a firmas unipersonales, el 79,4 cuentan con entre 5 y 500 empleados y s\u00f3lo el 0,7 por ciento tiene m\u00e1s de 500 empleados. El 31 por ciento de esas firmas registr\u00f3 una ca\u00edda en el nivel de actividad, con un retroceso de ventas en el tercer trimestre de 10 por ciento.<\/p>\n<p>La encuesta revela que el 91 por ciento de los consultados sufri\u00f3 un aumento de los costos fijos en el \u00faltimo trimestre, y un 83 por ciento, en los variables. \u201cDebido a esta causa, un 69 por ciento de estas empresas lo trasladar\u00e1 parcial o totalmente a los precios de sus productos o de sus servicios\u201d, asegur\u00f3 Bilanski. Esto generar\u00e1 mayores presiones sobre la tasa de inflaci\u00f3n y resentir\u00e1 a\u00fan m\u00e1s el nivel de ventas, lo que augura un flojo 2018. \u201cTres de cada cuatro consultados estima que la inflaci\u00f3n este a\u00f1o estar\u00e1 por encima del 22 por ciento, lejos del 15 que asegura el Gobierno\u201d, dijo el directivo.<\/p>\n<p>Consultados sobre la situaci\u00f3n econ\u00f3mica del pa\u00eds para este a\u00f1o, un 52,2 por ciento de los empresarios consider\u00f3 ser\u00e1 \u201cmalo o muy malo\u201d, predominando la visi\u00f3n de que se asemejar\u00e1 al desempe\u00f1o de 2016, un per\u00edodo de fuerte estancamiento. Un 33 por ciento considera ser\u00e1 similar a 2017 y s\u00f3lo un 14,8 por ciento espera que sea mejor que el a\u00f1o pasado. \u201cEl problema es que el a\u00f1o pasado la actividad recibi\u00f3 una inyecci\u00f3n por parte de la obra p\u00fablica y hay un componente industrial fuerte vinculado con esa actividad que le fue muy bien. Pero cuando se recorta esa inversi\u00f3n vuelve a mermar ese recurso\u201d, detall\u00f3 Bilanski. \u201cLas primeras que sufren el recorte de la obra p\u00fablica somos las pymes y las primeras en beneficiarse de la reactivaci\u00f3n son las grandes, con lo cual somos las que financian ese gasto para sobrevivir\u201d, agreg\u00f3.<\/p>\n<p>Tambi\u00e9n se expresaron respecto de las pol\u00edticas tarifarias. En general hay 80 por ciento de desaprobaci\u00f3n sobre la pol\u00edtica de adecuamiento de los precios tanto en impuestos, servicios o transporte. \u201cEn los principales polos industriales siguen los cortes aunque nos vendan la energ\u00eda precios de mercado\u201d, concluy\u00f3 Bilanski.<\/p>\n<h6>Fuente: P\u00e1gina 12<\/h6>\n","protected":false},"excerpt":{"rendered":"<p>La mitad de las peque\u00f1as y medianas empresas est\u00e1 en una situaci\u00f3n de vulnerabilidad. Este cr\u00edtico panorama surge de un relevamiento realizado por una entidad que agrupa a esas firmas. Reducci\u00f3n del mercado interno y ca\u00edda del salario real.<\/p>\n","protected":false},"author":2,"featured_media":73854,"comment_status":"closed","ping_status":"closed","sticky":false,"template":"","format":"standard","meta":{"footnotes":""},"categories":[8],"tags":[21],"class_list":["post-73853","post","type-post","status-publish","format-standard","has-post-thumbnail","hentry","category-informe-nacional","tag-argentina"],"_links":{"self":[{"href":"http:\/\/argentinamunicipal.com.ar\/argentina\/wp-json\/wp\/v2\/posts\/73853","targetHints":{"allow":["GET"]}}],"collection":[{"href":"http:\/\/argentinamunicipal.com.ar\/argentina\/wp-json\/wp\/v2\/posts"}],"about":[{"href":"http:\/\/argentinamunicipal.com.ar\/argentina\/wp-json\/wp\/v2\/types\/post"}],"author":[{"embeddable":true,"href":"http:\/\/argentinamunicipal.com.ar\/argentina\/wp-json\/wp\/v2\/users\/2"}],"replies":[{"embeddable":true,"href":"http:\/\/argentinamunicipal.com.ar\/argentina\/wp-json\/wp\/v2\/comments?post=73853"}],"version-history":[{"count":0,"href":"http:\/\/argentinamunicipal.com.ar\/argentina\/wp-json\/wp\/v2\/posts\/73853\/revisions"}],"wp:featuredmedia":[{"embeddable":true,"href":"http:\/\/argentinamunicipal.com.ar\/argentina\/wp-json\/wp\/v2\/media\/73854"}],"wp:attachment":[{"href":"http:\/\/argentinamunicipal.com.ar\/argentina\/wp-json\/wp\/v2\/media?parent=73853"}],"wp:term":[{"taxonomy":"category","embeddable":true,"href":"http:\/\/argentinamunicipal.com.ar\/argentina\/wp-json\/wp\/v2\/categories?post=73853"},{"taxonomy":"post_tag","embeddable":true,"href":"http:\/\/argentinamunicipal.com.ar\/argentina\/wp-json\/wp\/v2\/tags?post=73853"}],"curies":[{"name":"wp","href":"https:\/\/api.w.org\/{rel}","templated":true}]}}