{"id":73859,"date":"2018-03-07T07:31:34","date_gmt":"2018-03-07T10:31:34","guid":{"rendered":"http:\/\/argentinamunicipal.com.ar\/argentina\/?p=73859"},"modified":"2018-03-07T07:31:34","modified_gmt":"2018-03-07T10:31:34","slug":"la-meta-no-meta-pronostico","status":"publish","type":"post","link":"http:\/\/argentinamunicipal.com.ar\/argentina\/la-meta-no-meta-pronostico\/","title":{"rendered":"La meta que no es meta ni pron\u00f3stico"},"content":{"rendered":"<p>\u201cTiene que ver con una orientaci\u00f3n de la velocidad de la baja\u00bb, dijo el jefe de Gabinete al referirse a la meta del 15 por ciento de inflaci\u00f3n que el Gobierno impone como techo a las negociaciones salariales.<\/p>\n<p>\u00abLa meta no es un pron\u00f3stico, tiene que ver con una orientaci\u00f3n de la velocidad de la baja. La inflaci\u00f3n viene bajando hace dos a\u00f1os, va a seguir bajando este a\u00f1o y el que viene, hasta que logremos que no sea parte de la ecuaci\u00f3n econ\u00f3mica\u00bb, sostuvo el jefe de Gabinete, Marcos Pe\u00f1a, al intentar explicar en qu\u00e9 consiste la pauta oficial. A pesar de afirmar que es solo \u201cuna orientaci\u00f3n\u201d, el Gobierno insiste en colocar ese 15 por ciento de inflaci\u00f3n anual como el techo a las negociaciones salariales.<\/p>\n<p>En enero, el Indec midi\u00f3 un alto 1,8 por ciento de inflaci\u00f3n y para febrero se espera un salto mayor, provocado por los nuevos tarifazos en transporte, luz, naftas y prepagas. El \u00edndice, que se conocer\u00e1 la semana que viene, rondar\u00eda el 2,5 por ciento.<\/p>\n<p>Pe\u00f1a tambi\u00e9n defendi\u00f3 la pol\u00edtica oficial con respecto a la cotizaci\u00f3n del d\u00f3lar, al se\u00f1alar que \u00abla flotaci\u00f3n cambiaria es uno de los pilares de este proyecto de estabilizaci\u00f3n\u00bb que busca una \u00abreconversi\u00f3n de una econom\u00eda que permita crecer 20 a\u00f1os y busca evitar los problemas de las anclas cambiarias\u00bb. Ayer el Banco Central debi\u00f3 intervenir para frenar la suba de la divisa estadounidense: sali\u00f3 a vender unos 30 millones de d\u00f3lares y fij\u00f3 en 20,52 pesos la cotizaci\u00f3n minorista.<\/p>\n<p>\u201cEl d\u00f3lar no es una variable de crisis en nuestro pa\u00eds\u00bb, insisti\u00f3 el jefe de Gabinete en di\u00e1logo con Radio Mitre y, al ser consultado sobre el impacto en los precios de la devaluaci\u00f3n, expres\u00f3: \u00abConfiamos plenamente en el Banco Central, que tiene la tarea de cuidar la moneda, de trabajar para esa meta de inflaci\u00f3n\u00bb.<\/p>\n<h6>Fuente: P\u00e1gina 12<\/h6>\n","protected":false},"excerpt":{"rendered":"<p>\u201cTiene que ver con una orientaci\u00f3n de la velocidad de la baja\u00bb, dijo el jefe de Gabinete al referirse a la meta del 15 por ciento de inflaci\u00f3n que el Gobierno impone como techo a las negociaciones salariales.<\/p>\n","protected":false},"author":2,"featured_media":73860,"comment_status":"closed","ping_status":"closed","sticky":false,"template":"","format":"standard","meta":{"footnotes":""},"categories":[8],"tags":[21],"class_list":["post-73859","post","type-post","status-publish","format-standard","has-post-thumbnail","hentry","category-informe-nacional","tag-argentina"],"_links":{"self":[{"href":"http:\/\/argentinamunicipal.com.ar\/argentina\/wp-json\/wp\/v2\/posts\/73859","targetHints":{"allow":["GET"]}}],"collection":[{"href":"http:\/\/argentinamunicipal.com.ar\/argentina\/wp-json\/wp\/v2\/posts"}],"about":[{"href":"http:\/\/argentinamunicipal.com.ar\/argentina\/wp-json\/wp\/v2\/types\/post"}],"author":[{"embeddable":true,"href":"http:\/\/argentinamunicipal.com.ar\/argentina\/wp-json\/wp\/v2\/users\/2"}],"replies":[{"embeddable":true,"href":"http:\/\/argentinamunicipal.com.ar\/argentina\/wp-json\/wp\/v2\/comments?post=73859"}],"version-history":[{"count":0,"href":"http:\/\/argentinamunicipal.com.ar\/argentina\/wp-json\/wp\/v2\/posts\/73859\/revisions"}],"wp:featuredmedia":[{"embeddable":true,"href":"http:\/\/argentinamunicipal.com.ar\/argentina\/wp-json\/wp\/v2\/media\/73860"}],"wp:attachment":[{"href":"http:\/\/argentinamunicipal.com.ar\/argentina\/wp-json\/wp\/v2\/media?parent=73859"}],"wp:term":[{"taxonomy":"category","embeddable":true,"href":"http:\/\/argentinamunicipal.com.ar\/argentina\/wp-json\/wp\/v2\/categories?post=73859"},{"taxonomy":"post_tag","embeddable":true,"href":"http:\/\/argentinamunicipal.com.ar\/argentina\/wp-json\/wp\/v2\/tags?post=73859"}],"curies":[{"name":"wp","href":"https:\/\/api.w.org\/{rel}","templated":true}]}}