{"id":73879,"date":"2018-03-08T06:46:20","date_gmt":"2018-03-08T09:46:20","guid":{"rendered":"http:\/\/argentinamunicipal.com.ar\/argentina\/?p=73879"},"modified":"2018-03-08T06:46:20","modified_gmt":"2018-03-08T09:46:20","slug":"crece-descontento-gobierno-la-iglesia-alerta-la-delicada-situacion-social-los-despidos","status":"publish","type":"post","link":"http:\/\/argentinamunicipal.com.ar\/argentina\/crece-descontento-gobierno-la-iglesia-alerta-la-delicada-situacion-social-los-despidos\/","title":{"rendered":"Crece el descontento con el Gobierno: la Iglesia alerta por la \u201cdelicada\u201d situaci\u00f3n social y los despidos"},"content":{"rendered":"<p>A trav\u00e9s de un comunicado, los obispos expresaron su preocupaci\u00f3n por \u201cla delicada situaci\u00f3n social que atraviesa el pa\u00eds y por el n\u00famero creciente de los despidos\u201d.<\/p>\n<p>La\u00a0Iglesia cat\u00f3lica argentina\u00a0profundiza cada vez m\u00e1s su descontento con el\u00a0gobierno de Cambiemos. Despu\u00e9s de las cr\u00edticas que emitieron hacia el\u00a0presidente Mauricio Macridistintos referentes episcopales por el\u00a0debate sobre el aborto, ahora alertaron por \u201cla delicada situaci\u00f3n social que atraviesa el pa\u00eds\u201d.<\/p>\n<p>Los obispos que participaron de la 179\u00aa reuni\u00f3n de la Comisi\u00f3n Permanente de la Conferencia Episcopal Argentina (CEA) expresaron su preocupaci\u00f3n a trav\u00e9s de un comunicado, en el que tambi\u00e9n se manifestaron en estado de alerta por\u00a0\u00abel n\u00famero creciente de\u00a0despidos\u00bb en el pa\u00eds, dejando en evidencia un cuestionamiento sobre las pol\u00edticas del macrismo.<\/p>\n<p>Tambi\u00e9n volvieron a posicionarse \u201cmuy preocupados igualmente\u201d por el debate sobre el aborto, aunque aseguraron que\u00a0estan dipuestos \u00aba encarar el debate sobre esta cuesti\u00f3n, integrando las \u00e1reas de comunicaci\u00f3n, pastoral y di\u00e1logo con los legisladores\u00bb.<\/p>\n<p>En ese sentido, en un comunicado anterior hab\u00edan reclamado \u00abpol\u00edticas p\u00fablicas que prioricen la educaci\u00f3n sexual integral, respeten la dignidad de la vida humana desde su concepci\u00f3n y acompa\u00f1en las situaciones de conflicto con especial atenci\u00f3n en quienes las sufren\u00bb. \u201cQue este debate nos encuentre preparados para un di\u00e1logo sincero y profundo\u201d, expresaron los obispos argentinos.<\/p>\n<h6>Fuente: InfoCielo<\/h6>\n","protected":false},"excerpt":{"rendered":"<p>A trav\u00e9s de un comunicado, los obispos expresaron su preocupaci\u00f3n por \u201cla delicada situaci\u00f3n social que atraviesa el pa\u00eds y por el n\u00famero creciente de los despidos\u201d.<\/p>\n","protected":false},"author":2,"featured_media":73880,"comment_status":"closed","ping_status":"closed","sticky":false,"template":"","format":"standard","meta":{"footnotes":""},"categories":[8],"tags":[21],"class_list":["post-73879","post","type-post","status-publish","format-standard","has-post-thumbnail","hentry","category-informe-nacional","tag-argentina"],"_links":{"self":[{"href":"http:\/\/argentinamunicipal.com.ar\/argentina\/wp-json\/wp\/v2\/posts\/73879","targetHints":{"allow":["GET"]}}],"collection":[{"href":"http:\/\/argentinamunicipal.com.ar\/argentina\/wp-json\/wp\/v2\/posts"}],"about":[{"href":"http:\/\/argentinamunicipal.com.ar\/argentina\/wp-json\/wp\/v2\/types\/post"}],"author":[{"embeddable":true,"href":"http:\/\/argentinamunicipal.com.ar\/argentina\/wp-json\/wp\/v2\/users\/2"}],"replies":[{"embeddable":true,"href":"http:\/\/argentinamunicipal.com.ar\/argentina\/wp-json\/wp\/v2\/comments?post=73879"}],"version-history":[{"count":0,"href":"http:\/\/argentinamunicipal.com.ar\/argentina\/wp-json\/wp\/v2\/posts\/73879\/revisions"}],"wp:featuredmedia":[{"embeddable":true,"href":"http:\/\/argentinamunicipal.com.ar\/argentina\/wp-json\/wp\/v2\/media\/73880"}],"wp:attachment":[{"href":"http:\/\/argentinamunicipal.com.ar\/argentina\/wp-json\/wp\/v2\/media?parent=73879"}],"wp:term":[{"taxonomy":"category","embeddable":true,"href":"http:\/\/argentinamunicipal.com.ar\/argentina\/wp-json\/wp\/v2\/categories?post=73879"},{"taxonomy":"post_tag","embeddable":true,"href":"http:\/\/argentinamunicipal.com.ar\/argentina\/wp-json\/wp\/v2\/tags?post=73879"}],"curies":[{"name":"wp","href":"https:\/\/api.w.org\/{rel}","templated":true}]}}