{"id":73882,"date":"2018-03-08T06:48:49","date_gmt":"2018-03-08T09:48:49","guid":{"rendered":"http:\/\/argentinamunicipal.com.ar\/argentina\/?p=73882"},"modified":"2018-03-08T06:48:49","modified_gmt":"2018-03-08T09:48:49","slug":"paran-se-movilizan-las-mujeres-argentina-mundo-basta-ajuste-despidos-aborto-legal-ya","status":"publish","type":"post","link":"http:\/\/argentinamunicipal.com.ar\/argentina\/paran-se-movilizan-las-mujeres-argentina-mundo-basta-ajuste-despidos-aborto-legal-ya\/","title":{"rendered":"Paran y se movilizan las mujeres de Argentina y el mundo: \u201cBasta de ajuste y despidos, aborto legal ya\u201d"},"content":{"rendered":"<p>El colectivo Ni Una Menos encabeza una movilizaci\u00f3n transversal con mujeres h\u00e9tero, lesbianas, trans y travestis. La marcha es hasta el Congreso, donde es inminente el debate sobre el aborto.<\/p>\n<p>Lleg\u00f3 el\u00a08M\u00a0y las mujeres argentinas se ven interpeladas al igual que las de todo el mundo. El\u00a0Ni Una Menos\u00a0atraviesa las clases sociales y estall\u00f3 en un grito que hoy parece imparable. En ese marco, se espera que decenas de miles se movilicen por las calles de Buenos Aires, ciudad neur\u00e1lgica de los reclamos por elfin del patriarcado y una paridad de g\u00e9nero real y tangible.<\/p>\n<p>La movilizaci\u00f3n que partir\u00e1 de la\u00a0Plaza de Mayo\u00a0y finalizar\u00e1 en la\u00a0Plaza del Congreso\u00a0tendr\u00e1 el foco puesto en la\u00a0despenalizaci\u00f3n del aborto,\u00a0proyecto de ley que se espera sea tratada en la C\u00e1mara de Diputados en cuanto los legisladores retomen su labor anual, ya que no prosper\u00f3 una iniciativa de\u00a0Victoria Donda\u00a0para que se trate hoy mismo en coincidencia con el D\u00eda de la Mujer.<\/p>\n<p>La movida del 8M es internacional y en Argentina comienza a las 11 de la ma\u00f1ana con un ruidazo en los lugares de trabajo (los sindicatos se negaron a avalar el paro y las administraciones p\u00fablicas descontar\u00e1n el d\u00eda a las que paren).<\/p>\n<p>La concentraci\u00f3n comenzar\u00e1 a las 16 en la esquina de Diagonal Sur y Bol\u00edvar. Las movilizadas comenzar\u00e1n el recorrido a las 17.30, pasando por el borde de Plaza de Mayo y dirigi\u00e9ndose por Avenida Rivadavia hasta el Congreso.<\/p>\n<p>El Paro convoca a todas las mujeres, lesbianas, travestis y trans. Aquellas que tienen un empleo formal pero tambi\u00e9n aquellas que se ocupan de las tareas de cuidado sin que ese sea un trabajo reconocido ni remunerado.<\/p>\n<p>\u201cBasta de ajuste y despidos. Aborto legal ya\u201d, dir\u00e1 la bandera que llevar\u00e1n las trabajadoras despedidas. Adem\u00e1s, participar\u00e1n manifestantes de la Campa\u00f1a nacional por el Derecho al Aborto legal, seguro y gratuito, identificadas por pa\u00f1uelos verdes.<\/p>\n<p>La lectura del documento estar\u00e1 a cargo de la periodista feminista\u00a0Liliana Daunes, quien estar\u00e1 acompa\u00f1ada por una int\u00e9rprete en lenguaje de se\u00f1as.<\/p>\n<h6>Fuente: InfoNews<\/h6>\n","protected":false},"excerpt":{"rendered":"<p>El colectivo Ni Una Menos encabeza una movilizaci\u00f3n transversal con mujeres h\u00e9tero, lesbianas, trans y travestis. La marcha es hasta el Congreso, donde es inminente el debate sobre el aborto.<\/p>\n","protected":false},"author":2,"featured_media":73883,"comment_status":"closed","ping_status":"closed","sticky":false,"template":"","format":"standard","meta":{"footnotes":""},"categories":[8],"tags":[21],"class_list":["post-73882","post","type-post","status-publish","format-standard","has-post-thumbnail","hentry","category-informe-nacional","tag-argentina"],"_links":{"self":[{"href":"http:\/\/argentinamunicipal.com.ar\/argentina\/wp-json\/wp\/v2\/posts\/73882","targetHints":{"allow":["GET"]}}],"collection":[{"href":"http:\/\/argentinamunicipal.com.ar\/argentina\/wp-json\/wp\/v2\/posts"}],"about":[{"href":"http:\/\/argentinamunicipal.com.ar\/argentina\/wp-json\/wp\/v2\/types\/post"}],"author":[{"embeddable":true,"href":"http:\/\/argentinamunicipal.com.ar\/argentina\/wp-json\/wp\/v2\/users\/2"}],"replies":[{"embeddable":true,"href":"http:\/\/argentinamunicipal.com.ar\/argentina\/wp-json\/wp\/v2\/comments?post=73882"}],"version-history":[{"count":0,"href":"http:\/\/argentinamunicipal.com.ar\/argentina\/wp-json\/wp\/v2\/posts\/73882\/revisions"}],"wp:featuredmedia":[{"embeddable":true,"href":"http:\/\/argentinamunicipal.com.ar\/argentina\/wp-json\/wp\/v2\/media\/73883"}],"wp:attachment":[{"href":"http:\/\/argentinamunicipal.com.ar\/argentina\/wp-json\/wp\/v2\/media?parent=73882"}],"wp:term":[{"taxonomy":"category","embeddable":true,"href":"http:\/\/argentinamunicipal.com.ar\/argentina\/wp-json\/wp\/v2\/categories?post=73882"},{"taxonomy":"post_tag","embeddable":true,"href":"http:\/\/argentinamunicipal.com.ar\/argentina\/wp-json\/wp\/v2\/tags?post=73882"}],"curies":[{"name":"wp","href":"https:\/\/api.w.org\/{rel}","templated":true}]}}