{"id":73885,"date":"2018-03-08T06:00:13","date_gmt":"2018-03-08T09:00:13","guid":{"rendered":"http:\/\/argentinamunicipal.com.ar\/argentina\/?p=73885"},"modified":"2018-03-08T07:02:42","modified_gmt":"2018-03-08T10:02:42","slug":"camion-otra-parte","status":"publish","type":"post","link":"http:\/\/argentinamunicipal.com.ar\/argentina\/camion-otra-parte\/","title":{"rendered":"Con el cami\u00f3n a otra parte"},"content":{"rendered":"<p>Los gremios, movimientos sociales y piqueteros que participaron de la marcha del 21F decidieron ayer sentar las bases de lo que ser\u00e1 una nueva organizaci\u00f3n que se llamar\u00e1 la Corriente Sindical Federal y Popular. Adem\u00e1s del sindicato de Camioneros se sumaron las dos CTA, el gremio de canillitas, la Asociaci\u00f3n Bancaria, curtidores, el Suteba y la seccional Sarmiento de la Uni\u00f3n Ferroviaria con el objetivo de \u201cresistir a las pol\u00edticas neoliberales\u201d.<\/p>\n<p>El comunicado de presentaci\u00f3n subraya que \u201cel 21F dimos una muestra categ\u00f3rica de que los trabajadores sabemos cuidarnos solos, y es el movimiento obrero unido el que la lleva adelante esta forma de resistencia contra las pol\u00edticas neoliberales\u201d del Gobierno. El de ayer fue el primer encuentro y fue presidido por el due\u00f1o de casa, el secretario adjunto de Camioneros, Pablo Moyano. Tambi\u00e9n estuvieron presentes Omar Plaini de Canillitas y Walter Correa de Curtidores. Tambi\u00e9n estuvo Roberto Baradel de Suteba y los titulares de las dos CTA, Hugo Yasky y Pablo Micheli, y Gustavo Vera de la organizaci\u00f3n La Alameda. Trascendi\u00f3 que la ausencia de la Asociaci\u00f3n Bancaria se debi\u00f3 a la negociaci\u00f3n paritaria que ayer volvi\u00f3 a fracasar fruto de la decisi\u00f3n de las c\u00e1maras patronales de mantener la magra oferta salarial.<\/p>\n<p>Absolutamente diferenciados de la actual CGT, los integrantes de la nueva corriente gremial se\u00f1alaron que en nada ayuda \u201cla actitud encubridora de la conducci\u00f3n de la CGT ante la alarmante situaci\u00f3n del pa\u00eds\u201d. En ese sentido la nueva organizaci\u00f3n sindical plante\u00f3 tres ejes tem\u00e1ticos en los que pondr\u00e1n el acento: \u201cActuar de acuerdo a las necesidades obreras y populares; identidad para enfrentar en mejores condiciones al Gobierno anti obrero, a las patronales y asambleas de base y paros activos\u201d. Por otra parte aclararon que \u201cno hay nuevas etiquetas que consideren a nuestra doctrina ni a nuestra ideolog\u00eda. Vamos hacer lo que la lucha obrera nos requiera. En la acci\u00f3n estrat\u00e9gica, la sucesi\u00f3n de valores de todo trabajador es la siguiente: primero, el laburante; despu\u00e9s las ideolog\u00eda y luego, los hombres\u201d.<\/p>\n<h6>Fuente: P\u00e1gina 12<\/h6>\n","protected":false},"excerpt":{"rendered":"<p>Los gremios, movimientos sociales y piqueteros que participaron de la marcha del 21F decidieron ayer sentar las bases de lo que ser\u00e1 una nueva organizaci\u00f3n que se llamar\u00e1 la Corriente Sindical Federal y Popular.<\/p>\n","protected":false},"author":2,"featured_media":73886,"comment_status":"closed","ping_status":"closed","sticky":false,"template":"","format":"standard","meta":{"footnotes":""},"categories":[8],"tags":[21],"class_list":["post-73885","post","type-post","status-publish","format-standard","has-post-thumbnail","hentry","category-informe-nacional","tag-argentina"],"_links":{"self":[{"href":"http:\/\/argentinamunicipal.com.ar\/argentina\/wp-json\/wp\/v2\/posts\/73885","targetHints":{"allow":["GET"]}}],"collection":[{"href":"http:\/\/argentinamunicipal.com.ar\/argentina\/wp-json\/wp\/v2\/posts"}],"about":[{"href":"http:\/\/argentinamunicipal.com.ar\/argentina\/wp-json\/wp\/v2\/types\/post"}],"author":[{"embeddable":true,"href":"http:\/\/argentinamunicipal.com.ar\/argentina\/wp-json\/wp\/v2\/users\/2"}],"replies":[{"embeddable":true,"href":"http:\/\/argentinamunicipal.com.ar\/argentina\/wp-json\/wp\/v2\/comments?post=73885"}],"version-history":[{"count":0,"href":"http:\/\/argentinamunicipal.com.ar\/argentina\/wp-json\/wp\/v2\/posts\/73885\/revisions"}],"wp:featuredmedia":[{"embeddable":true,"href":"http:\/\/argentinamunicipal.com.ar\/argentina\/wp-json\/wp\/v2\/media\/73886"}],"wp:attachment":[{"href":"http:\/\/argentinamunicipal.com.ar\/argentina\/wp-json\/wp\/v2\/media?parent=73885"}],"wp:term":[{"taxonomy":"category","embeddable":true,"href":"http:\/\/argentinamunicipal.com.ar\/argentina\/wp-json\/wp\/v2\/categories?post=73885"},{"taxonomy":"post_tag","embeddable":true,"href":"http:\/\/argentinamunicipal.com.ar\/argentina\/wp-json\/wp\/v2\/tags?post=73885"}],"curies":[{"name":"wp","href":"https:\/\/api.w.org\/{rel}","templated":true}]}}