{"id":73903,"date":"2018-03-08T07:19:25","date_gmt":"2018-03-08T10:19:25","guid":{"rendered":"http:\/\/argentinamunicipal.com.ar\/argentina\/?p=73903"},"modified":"2018-03-08T07:19:25","modified_gmt":"2018-03-08T10:19:25","slug":"maria-teresa-pueblo-donde-las-mujeres-ocupan-60-ciento-la-comuna","status":"publish","type":"post","link":"http:\/\/argentinamunicipal.com.ar\/argentina\/maria-teresa-pueblo-donde-las-mujeres-ocupan-60-ciento-la-comuna\/","title":{"rendered":"Mar\u00eda Teresa, un pueblo donde las mujeres ocupan el 60 por ciento de la comuna"},"content":{"rendered":"<p>No s\u00f3lo en los puestos laborales son mayor\u00eda, ya que adem\u00e1s desde hace 14 a\u00f1os Mar\u00eda Cristina G\u00f3mez es la jefa comunal<\/p>\n<p>El pueblo de Mar\u00eda Teresa tiene caracter\u00edsticas que la hacen muy original. Desde hace 14 a\u00f1os una mujer est\u00e1 al frente de la comuna y no s\u00f3lo eso sino que el 60 por ciento del plantel de empleados comunales son mujeres. Por si fuera poco el rol \u00abvaronil\u00bb de capataz lo ejerce una mujer que es arquitecta. Algo francamente llamativo si se tiene en cuenta que supera holgadamente la media nacional en cuanto al empleo p\u00fablico que ejercen las mujeres.Mar\u00eda Teresa es una localidad del sur santafesino ubicada en el departamento General L\u00f3pez. Tiene alrededor de 4.500 habitantes y se encuentra a 50 kil\u00f3metros de Venado Tuerto y a unos 180 kil\u00f3metros de Rosario. Es un poblaci\u00f3n puramente agr\u00edcola ganadera y gran parte de su poblaci\u00f3n vive de la producci\u00f3n agropecuaria. Como pocas localidades, hoy y ma\u00f1ana celebrar\u00e1 el D\u00eda de la Mujer.<\/p>\n<p>Por tratarse de la Semana del D\u00eda Internacional de la Mujer, la comuna de Mar\u00eda Teresa prepar\u00f3 una serie de actividades tendientes a visibilizar las problem\u00e1ticas de g\u00e9nero. Hoy habr\u00e1 mateada con debate, y ma\u00f1ana espect\u00e1culo y humor.<\/p>\n<p>Igualdad y hasta liderazgo<\/p>\n<p>\u00abEs una fecha muy especial para nosotros. En Mar\u00eda Teresa las mujeres podemos decir con mucho orgullo que ac\u00e1 s\u00ed las mujeres nos hemos ganado un rol igualitario, y dir\u00eda hasta de liderazgo\u00bb, se\u00f1al\u00f3 la mandataria peronista Mar\u00eda Cristina G\u00f3mez.<\/p>\n<p>La Negra, como se la conoce en la regi\u00f3n, aclar\u00f3 que \u00abno s\u00f3lo por mi caso. Muchas instituciones del pueblo son o han sido lideradas por mujeres. La cooperativa de servicios p\u00fablicos, la mutual del Club Belgrano, el Banco Naci\u00f3n. Desde la comuna tenemos el orgullo de decir que m\u00e1s del 60 por ciento del personal somos mujeres. Y no s\u00f3lo eso, sino que estamos al frente de todos y cada uno de los espacios de gesti\u00f3n: Centro Integrador Comunitario (CIC), sala Rinc\u00f3n de Amor, Acci\u00f3n Social, y Centro Cultural, entre otros lugares.<\/p>\n<p>Incluso \u00e1mbitos que tradicionalmente parec\u00edan reservados a los hombres, como por ejemplo la coordinaci\u00f3n de la obra p\u00fablica y las construcciones, \u00abaqu\u00ed en Mar\u00eda Teresa son llevados adelante bajo la conducci\u00f3n de una mujer\u00bb, se\u00f1al\u00f3 G\u00f3mez. Ese lugar no es ni m\u00e1s ni menos que el de un capataz que en la gran mayor\u00eda de las comunas del pa\u00eds es ejercido por un hombre.<\/p>\n<p>Actividades<\/p>\n<p>En el marco de la semana de la mujer, hoy se desarrollar\u00e1 una mateada debate, a las 18.30, en el Centro Integrador Comunitario. Los temas convocantes son \u00abMujer y trabajo\u00bb, \u00abBrecha salarial\u00bb, \u00abAborto\u00bb y \u00abViolencia de g\u00e9nero\u00bb.<\/p>\n<p>G\u00f3mez remarc\u00f3 que \u00abhay que destacar el compromiso y las ganas de trabajar de los chicos del Centro de Estudiantes que son quienes se han puesto al hombro la actividad\u00bb. La convocatoria la realizan en conjunto desde el Centro de Estudiantes N\u00ba 244 y el Area de la Mujer de la comuna de Mar\u00eda Teresa.<\/p>\n<p>Ma\u00f1ana viernes, a las 21, con entrada libre y gratuita, se presenta en el Centro Integrador Comunitario el stand up \u00abLa Mujer Hincha Pelotas\u00bb, con la actuaci\u00f3n de Alejandra G\u00f3mez. El espect\u00e1culo narra momentos y dilemas de Lola Pelotas, una reconocible mujer atravesada por las mismas presiones y fobias que mucha gente. La organizaci\u00f3n del encuentro es del Area de la Mujer de la comuna, y lo auspicia el Ministerio de Cultura de la provincia de Santa Fe.<\/p>\n<p>Gesti\u00f3n femenina<\/p>\n<p>\u00abEsta es una comuna eminentemente gestionada por mujeres, por lo que hablar de las necesidades de un mundo que muchas veces reniega en reconocerle a la mujer el sitio que debe ocupar por derecho y capacidad, desde este estado de cosas que hemos construido en Mar\u00eda Teresa es doblemente gratificante\u00bb, se\u00f1al\u00f3 G\u00f3mez.<\/p>\n<p>\u00abNo s\u00f3lo decimos que nos importan los derechos de las mujeres, sino que lo demostramos en la pr\u00e1ctica al asignarle el rol central que merecemos como g\u00e9nero en la gesti\u00f3n p\u00fablica\u00bb, concluy\u00f3 la mandataria.<\/p>\n<h6>Fuente: La Capital<\/h6>\n","protected":false},"excerpt":{"rendered":"<p>No s\u00f3lo en los puestos laborales son mayor\u00eda, ya que adem\u00e1s desde hace 14 a\u00f1os Mar\u00eda Cristina G\u00f3mez es la jefa comunal<\/p>\n","protected":false},"author":2,"featured_media":73904,"comment_status":"closed","ping_status":"closed","sticky":false,"template":"","format":"standard","meta":{"footnotes":""},"categories":[2],"tags":[10],"class_list":["post-73903","post","type-post","status-publish","format-standard","has-post-thumbnail","hentry","category-informe-municipal","tag-santa-fe"],"_links":{"self":[{"href":"http:\/\/argentinamunicipal.com.ar\/argentina\/wp-json\/wp\/v2\/posts\/73903","targetHints":{"allow":["GET"]}}],"collection":[{"href":"http:\/\/argentinamunicipal.com.ar\/argentina\/wp-json\/wp\/v2\/posts"}],"about":[{"href":"http:\/\/argentinamunicipal.com.ar\/argentina\/wp-json\/wp\/v2\/types\/post"}],"author":[{"embeddable":true,"href":"http:\/\/argentinamunicipal.com.ar\/argentina\/wp-json\/wp\/v2\/users\/2"}],"replies":[{"embeddable":true,"href":"http:\/\/argentinamunicipal.com.ar\/argentina\/wp-json\/wp\/v2\/comments?post=73903"}],"version-history":[{"count":0,"href":"http:\/\/argentinamunicipal.com.ar\/argentina\/wp-json\/wp\/v2\/posts\/73903\/revisions"}],"wp:featuredmedia":[{"embeddable":true,"href":"http:\/\/argentinamunicipal.com.ar\/argentina\/wp-json\/wp\/v2\/media\/73904"}],"wp:attachment":[{"href":"http:\/\/argentinamunicipal.com.ar\/argentina\/wp-json\/wp\/v2\/media?parent=73903"}],"wp:term":[{"taxonomy":"category","embeddable":true,"href":"http:\/\/argentinamunicipal.com.ar\/argentina\/wp-json\/wp\/v2\/categories?post=73903"},{"taxonomy":"post_tag","embeddable":true,"href":"http:\/\/argentinamunicipal.com.ar\/argentina\/wp-json\/wp\/v2\/tags?post=73903"}],"curies":[{"name":"wp","href":"https:\/\/api.w.org\/{rel}","templated":true}]}}