{"id":73918,"date":"2018-03-08T05:43:19","date_gmt":"2018-03-08T08:43:19","guid":{"rendered":"http:\/\/argentinamunicipal.com.ar\/argentina\/?p=73918"},"modified":"2018-03-08T07:53:15","modified_gmt":"2018-03-08T10:53:15","slug":"paso-camino-la-unidad","status":"publish","type":"post","link":"http:\/\/argentinamunicipal.com.ar\/argentina\/paso-camino-la-unidad\/","title":{"rendered":"Otro paso en el camino a la unidad"},"content":{"rendered":"<p>Referentes de Unidad Ciudadana, el Frente Renovador y el Movimiento Evita debatieron sobre el futuro del PJ. \u201cLa unidad no puede ser un sue\u00f1o, porque si nos dormimos nos pasan por arriba\u201d, asegur\u00f3 el titular del justicialismo, Jos\u00e9 Luis Gioja.<\/p>\n<p>\u201cLa unidad no puede ser un sue\u00f1o, porque si nos dormimos nos pasan por arriba, las puertas de los locales del justicialismo tienen que estar abiertas para todos\u201d, se\u00f1al\u00f3 el presidente del PJ nacional, Jos\u00e9 Luis Gioja, mostrando el eje sobre el que camina el peronismo en la actualidad: volver a forjar un partido de poder que derrote en las urnas al neoliberalismo macrista. En la sede del Partido Justicialista se reunieron dirigentes de distintos sectores como Unidad Ciudadana, el Frente Renovador y el Movimiento Evita para debatir en el ciclo Consensos para un Nuevo Proyecto Nacional.<\/p>\n<p>\u201cNosotros estamos convencidos de aquello de que primero est\u00e1 la patria despu\u00e9s el movimiento y por \u00faltimo los hombres. Para los funcionarios de este gobierno es al rev\u00e9s: primero yo, despu\u00e9s mi familia, luego mis amigos y al final la patria\u201d, bram\u00f3 el sanjuanino en tono seco entre el gesto adusto y una sonrisa ir\u00f3nica. La sala Juan Carlos \u201cChueco\u201d Mazz\u00f3n en la hist\u00f3rica sede de Matheu 130 se llen\u00f3 de dirigentes y militantes peronistas atra\u00eddos por el debate que atraviesa al justicialismo despu\u00e9s de derrotas hist\u00f3ricas en bastiones como la provincia de Buenos Aires frente a la derecha organizada partidariamente.<\/p>\n<p>El debate que abri\u00f3 la p\u00e9rdida de la presidencia y la gobernaci\u00f3n bonaerense en 2015 y que profundiz\u00f3 la evidente dispersi\u00f3n del peronismo en las legislativas de octubre pasado, sacudieron las diferencias internas entre los distintos grupos con el 2019 entre ceja y ceja. Con la mesa \u201cEncuentro por la unidad, desaf\u00edos en el fortalecimiento del campo popular\u201d que se realiz\u00f3 en la Universidad Metropolitana del Trabajo d\u00edas atr\u00e1s se inaugur\u00f3 la b\u00fasqueda a trav\u00e9s del debate de la unidad del peronismo \u2013sin descartar los partidos progresistas\u2013 para conformar un frente nacional que permita reposicionar al peronismo en la escena electoral.<\/p>\n<p>Sentados en la mesa del escenario estaban el dirigente de Sadop, Horacio Ghilini, que tuvo el rol de moderador de la mesa, el presidente del PJ porte\u00f1o, V\u00edctor Santa Mar\u00eda, Gioja, la legisladora porte\u00f1a Mar\u00eda Rosa Mui\u00f1os, el ex ministro de Salud Gin\u00e9s Gonz\u00e1lez Garc\u00eda, el ex embajador ante el Vaticano Eduardo Vald\u00e9s y el intendente de San Mart\u00edn, Gabriel Katopodis. Luego se sumar\u00edan el dirigente del Movimiento Evita, Fernando \u201cChino\u201d Navarro y el jefe de la bancada del Frente para la Victoria-PJ, Agust\u00edn Rossi. \u201cLos peronistas tenemos la necesidad de realizar este debate. Hay que entender que el enemigo no est\u00e1 dentro del peronismo, el enemigo es el gobierno nacional que hambrea al pueblo argentino\u201d, asegur\u00f3 el articulador de la propuesta y secretario de Cultura del PJ, V\u00edctor Santa Mar\u00eda, al abrir la mesa de debate.<\/p>\n<p>Gonz\u00e1lez Garc\u00eda apunt\u00f3 a la necesidad de que \u201csea el proyecto el que potencie la unidad\u201d, y destac\u00f3 que necesariamente \u201cdebe contener a la clase media\u201d. Adem\u00e1s dijo que \u201cconstruir consenso no es f\u00e1cil. Hace falta mucho debate y nada de combate\u201d, y dej\u00f3 una met\u00e1fora para ejemplificar la situaci\u00f3n del peronismo: \u201cEl mejor ejemplo es el de los patos salvajes. En tierra cada uno va por su lado, pero cuando vuelan se ordenan y lo hacen juntos y ordenados\u201d. A un d\u00eda del paro de mujeres, la \u00fanica mujer de la mesa, Mui\u00f1os, reflexion\u00f3 que \u201cla no unidad comenz\u00f3 mucho antes de la derrota electoral. Esa derrota la construimos nosotros\u201d, realizando una autocr\u00edtica de los movimientos que dio el peronismo antes de perder la presidencia.<\/p>\n<h6>Fuente: P\u00e1gina 12<\/h6>\n","protected":false},"excerpt":{"rendered":"<p>Referentes de Unidad Ciudadana, el Frente Renovador y el Movimiento Evita debatieron sobre el futuro del PJ. \u201cLa unidad no puede ser un sue\u00f1o, porque si nos dormimos nos pasan por arriba\u201d, asegur\u00f3 el titular del justicialismo, Jos\u00e9 Luis Gioja.<\/p>\n","protected":false},"author":2,"featured_media":73919,"comment_status":"closed","ping_status":"closed","sticky":false,"template":"","format":"standard","meta":{"footnotes":""},"categories":[8],"tags":[21],"class_list":["post-73918","post","type-post","status-publish","format-standard","has-post-thumbnail","hentry","category-informe-nacional","tag-argentina"],"_links":{"self":[{"href":"http:\/\/argentinamunicipal.com.ar\/argentina\/wp-json\/wp\/v2\/posts\/73918","targetHints":{"allow":["GET"]}}],"collection":[{"href":"http:\/\/argentinamunicipal.com.ar\/argentina\/wp-json\/wp\/v2\/posts"}],"about":[{"href":"http:\/\/argentinamunicipal.com.ar\/argentina\/wp-json\/wp\/v2\/types\/post"}],"author":[{"embeddable":true,"href":"http:\/\/argentinamunicipal.com.ar\/argentina\/wp-json\/wp\/v2\/users\/2"}],"replies":[{"embeddable":true,"href":"http:\/\/argentinamunicipal.com.ar\/argentina\/wp-json\/wp\/v2\/comments?post=73918"}],"version-history":[{"count":0,"href":"http:\/\/argentinamunicipal.com.ar\/argentina\/wp-json\/wp\/v2\/posts\/73918\/revisions"}],"wp:featuredmedia":[{"embeddable":true,"href":"http:\/\/argentinamunicipal.com.ar\/argentina\/wp-json\/wp\/v2\/media\/73919"}],"wp:attachment":[{"href":"http:\/\/argentinamunicipal.com.ar\/argentina\/wp-json\/wp\/v2\/media?parent=73918"}],"wp:term":[{"taxonomy":"category","embeddable":true,"href":"http:\/\/argentinamunicipal.com.ar\/argentina\/wp-json\/wp\/v2\/categories?post=73918"},{"taxonomy":"post_tag","embeddable":true,"href":"http:\/\/argentinamunicipal.com.ar\/argentina\/wp-json\/wp\/v2\/tags?post=73918"}],"curies":[{"name":"wp","href":"https:\/\/api.w.org\/{rel}","templated":true}]}}