{"id":73960,"date":"2018-03-09T06:57:33","date_gmt":"2018-03-09T09:57:33","guid":{"rendered":"http:\/\/argentinamunicipal.com.ar\/argentina\/?p=73960"},"modified":"2018-03-09T06:57:33","modified_gmt":"2018-03-09T09:57:33","slug":"todas-juntas","status":"publish","type":"post","link":"http:\/\/argentinamunicipal.com.ar\/argentina\/todas-juntas\/","title":{"rendered":"Todas juntas"},"content":{"rendered":"<p>A lo largo de toda la Avenida de Mayo, mujeres de los m\u00e1s diversos sectores, edades y procedencias mostraron masivamente lo que tienen en com\u00fan: el reclamo por la igualdad de g\u00e9neros, el fin de los femicidios y contra el ajuste que golpea particularmente a ellas.<\/p>\n<p>La bandera de arrastre de la cabecera de la marcha era una s\u00edntesis perfecta del sentido que se le quiso dar, la caracter\u00edstica pol\u00edtica del reclamo \u2013aunque paro internacional\u2013 dirigido al Gobierno: \u201c\u00a1Aborto Legal Ya! Basta de Ajuste y Despidos\u201d, dec\u00eda en letras violetas sobre fondo blanco, reuniendo los reclamos por pol\u00edticas de salud que contemplen responsablemente a mujeres y diversidades, con los reclamos por las grav\u00edsimas consecuencias sociales producto de las pol\u00edticas de despidos, cierres de empresas, y brutales aumentos en los servicios. Para dar una marca de la amplitud del abanico que reclam\u00f3 contra el Gobierno, todas las organizaciones, partidos y colectivos que participaron en las asambleas previas, sosten\u00edan la bandera. En el centro, para no perder el h\u00e1bito, Norita Corti\u00f1as, chiquitita y tan grande, con su pa\u00f1uelo blanco, junto a otras Madres que se sumaron tras cumplir la hist\u00f3rica ronda de los jueves. Lo dem\u00e1s, cuadras y cuadras y cuadras de columnas de mujeres y pa\u00f1uelos verdes, y remeras fucsias.<\/p>\n<p>Detr\u00e1s de la cabecera, porque se hab\u00eda consensuado en las extensas asambleas organizativas de febrero, se concentr\u00f3 el contingente de la Campa\u00f1a Nacional por el Aborto Legal, Seguro y Gratuito. Fue, decididamente, el contingente que le dio alma a la cabeza de la marcha, con sus c\u00e1nticos por el aborto y contra Mauricio Macri. Mientras, la cadena de mujeres que conformaban el corralito por delante se encargaban de limar, traquetear y perforar las macizas columnas de organizaciones pol\u00edticas y gremiales que se hab\u00edan instalado a lo largo de toda la avenida de Mayo en una especie de anticipaci\u00f3n de la cabecera.<\/p>\n<p>El marco pol\u00edtico lo daba la variedad de presencias en el arranque, todas de \u00edndole sindical, laboral y pol\u00edtico. Hab\u00eda una representaci\u00f3n del Hospital Posadas; del INTI; una joven que asomaba por detr\u00e1s de la primera fila con un peque\u00f1o cartel en el que se le\u00eda \u201cNo al cierre de Stockl (la metal\u00fargica de Burzaco que lleva tres meses sin pagar salarios), 130 familias en la calle\u201d; de la Casa de la Moneda; Trenes argentinos; La Bancaria; Ctera tambi\u00e9n; las Aeron\u00e1uticas de Latam. Adem\u00e1s de las representaciones espec\u00edficas como NiUnaMenos, la Campa\u00f1a Nacional por el Aborto; Ammar, el sindicato de las meretrices, en una de las puntas; Amadh, su oposici\u00f3n y denunciante de la prostituci\u00f3n y trata, en la otra; la representaci\u00f3n de las travestis de Diana Sacay\u00e1n. Y las agrupaciones de izquierda.<\/p>\n<p>El arco era amplio, todas mujeres e identidades de las diversidades. Todas con algo, con mucho para reclamar. A todas, con las enormes diferencias que pod\u00eda haber, a todas las un\u00eda el sometimiento patriarcal y la pauperizaci\u00f3n macrista. MMLYQTP, empezaron cantando apenas para desacomodar, la correcci\u00f3n de trato fue clara, yuta por puta. Toda una definici\u00f3n pol\u00edtica y de criterios. La polic\u00eda, ausente esta vez, igual es la polic\u00eda. sobre todo la de Macri, la de Bullrich, la de Larreta.<\/p>\n<p>Pero antes, en una recorrida inicial, antes de las 16.30 \u2013momento en que se constituy\u00f3 la cabecera en Piedras y Avenida de Mayo\u2013, se pod\u00eda ver una fila que abarcaba el largo de la cuadra, desde Chacabuco hasta la cabecera. \u00bfEsta fila? \u201cEs para el pa\u00f1uelo\u201d. El verde de la Campa\u00f1a que se entremezcl\u00f3 con el violeta del 8M, del movimiento feminista.<\/p>\n<p>No es no, se hab\u00eda pintado en rojo colorado sobre la mejilla una rubia, que cantaba \u201cAborto legal, en el hospital\u201d, mientras la consigna surg\u00eda desde el contingente de la Campa\u00f1a. Delante de la cabecera, en el corralito de brazos que armaban mujeres y travestis de diferentes organizaciones, con un meg\u00e1fono vociferante, divertida, ampulosa, la militante trans Alma Fern\u00e1ndez, m\u00e1s oscura que su vestido oscuro cantaba consignas que iban desde vapulear a Macri hasta la ya cl\u00e1sica \u201cPoder \/ poder \/ poder popular \/ y ahora que estamos todas \/ ahora que estamos juntas \/ y ahora que s\u00ed nos ven \/ abajo el patriarcado \/ se va a caer \/ se va a caer \/ arriba el feminismo \/ que va a vencer \/ que va a vencer.<\/p>\n<p>Y desde atr\u00e1s compet\u00edan: \u201cA ver, Mauricio, a ver si nos entendemos \/ las mujeres nos morimos \/ por abortos clandestinos \/ salimos a la calle \/ salimos a luchar \/ por aborto libre \/ seguro y legal\u201d.<\/p>\n<p>La cabeza de la columna, sobre Piedras, arranc\u00f3 a las 17.30 al grito de \u201c\u00a1Paro \/ paro \/ paro \/ paro general\u201d. El grito, m\u00e1s que c\u00e1ntico, estaba dirigido tanto al gobierno como a la cabeza de la CGT. \u201cNo queremos m\u00e1s despidos \/ no queremos represi\u00f3n \/ para las trabajadoras \/ la reincorporaci\u00f3n\u201d, cantaba Alma.<\/p>\n<p>Como en todas las marchas anteriores, la sorpresa sobre la capacidad resolutiva feminista para dirigir la brutal desorganizaci\u00f3n de casi un mill\u00f3n de cuerpos constituidos en columnas abroqueladas o en el amorfo ir y venir de autonom\u00edas es ilimitada. Arrancar a las 17.30, para caminar ocho cuadras en m\u00e1s de dos horas, no alcanza a explicarlo todo.<\/p>\n<p>Como todas las marchas o concentraciones masivas del movimiento feminista, al menos desde el 3 de junio de 2015, la primera NiUnaMenos, la organizaci\u00f3n a pulm\u00f3n y sobre la marcha es por s\u00ed sola un aprendizaje de negociaciones para este cronista. En este caso, el de ayer, las ocho cuadras demandaron m\u00e1s de dos horas porque en el recorrido debieron gestionar con columnas de militantes dur\u00edsimas para ceder medio metro hacia el costado. Y se corr\u00edan, y se miraba hacia adelante y hab\u00eda m\u00e1s y m\u00e1s y m\u00e1s banderas. Y nuevamente discusi\u00f3n y negociaci\u00f3n y consenso. Al final de cuentas, una era la cabecera de la marcha, sin ella no hab\u00eda marcha; y las otras eran columnas que seguramente habr\u00edan de haber ocupado la retaguardia, pero que hab\u00edan llegado temprano y se hab\u00edan estacionado. El abanico feminista es amplio y da cabida a ideas y organizaciones con tanta competencia entre s\u00ed que podr\u00edan desatar una batahola, pero no, no lo hacen.<\/p>\n<p>En el camino, hab\u00eda una multitudinaria presencia feminista. Hab\u00eda varones, para qu\u00e9 negarlo. Hab\u00edan alcanzado con su presencia la s\u00edntesis de las discusiones previas, especialmente en las redes, en las que se debati\u00f3 si varones s\u00ed, si machirulos no, si cubr\u00edan a las mujeres y de qu\u00e9 manera, si no las cubr\u00edan, si eran necesarios, si no lo eran. Hubo un par de momentos dif\u00edciles en la marcha, con tensi\u00f3n corporal al mil\u00edmetro, y se situaron en los dos extremos pero con dos hombres. Uno, claramente un provocador que quer\u00eda pasar por donde no pod\u00eda. El otro, un hombre muy alterado que participaba en la marcha pero le costaba adaptarse al pedido de hacer lugar al paso de la cabecera.<\/p>\n<p>Y entonces estallaba el Mauricio Macri la yuta que te pari\u00f3, y todo volv\u00eda a su cauce. Andar sobre la avenida de Mayo, a esa hora, adem\u00e1s de pedir permiso a cada paso, significaba toparse con fotos de Santiago Maldonado y de Milagro Sala, pancartas que dec\u00edan \u201cMM asesinaste por la espalda a Rafael Nahuel\u201d, o carteles manuscritos en los que se le\u00eda \u201cNi Una Trabajadora Menos. Tambi\u00e9n acusaciones como \u201cterrorismo de Estado, Nunca M\u00e1s\u201d, algunas fotos de genocidas, ahora que el Gobierno inst\u00f3 a las domiciliarias. \u201cNo olvidamos ni nos reconciliamos\u201d, dir\u00eda m\u00e1s tarde, en pleno discurso de cierre Liliana Daunes.<\/p>\n<p>En el recorrido, antes de llegar al escenario del Congreso, estaban las enormes columnas de la Tupac, CTEP; Barrios de Pie; Partido Piquetero; como las representaciones de AMPA, la Asociaci\u00f3n de Mujeres Penalistas de Argentina; las mujeres del Sindicato de Justicia de la CABA; la Conadu; un grupito de sociolog\u00eda por la equidad de G\u00e9nero; otro de Cunita, dependiente de la Comisi\u00f3n de Salud del Instituto Patria; de J\u00f3venes Cient\u00edficxs Precarizadxs (del Conicet), que aprovecharon para decir que hoy, desde las 10 de la ma\u00f1ana organizar\u00edan un reclamo por el despido de 800 investigadoras\/es en el Polo Cient\u00edfico de Godoy Cruz; la agrupaci\u00f3n Quinteras Contra el Machismo. Un grupo de mujeres de AHF Argentina, una ong internacional que realiza testeos por VIH en espacios p\u00fablicos; adem\u00e1s de Mama cultiva.<\/p>\n<p>Un muchacho de barba portaba un cartel que dec\u00eda \u201cSeamos m\u00e1s hombres, menos machos\u201d, fue una de las excepciones. Los varones en general no parecieron buscar protagonismo.<\/p>\n<p>La columna sigui\u00f3 avanzando con mucha dificultad. Al cruzar la 9 de Julio, se pod\u00eda ver hacia atr\u00e1s, la Plaza de Mayo, la misma densidad de la marcha como si se miraba hacia adelante. Tambi\u00e9n algunas columnas prefirieron avanzar m\u00e1s r\u00e1pido por las calles laterales, Rivadavia e Yrigoyen. Al llegar a la Plaza Congreso, la multitud parec\u00eda infranqueable. La plaza estaba absolutamente poblada por grupos sueltos, y las calles que la bordean, saturadas de columnas. Una cuadra antes de llegar, a la altura de San Jos\u00e9, la marcha se detuvo. Detr\u00e1s de la cabecera, el contingente de la Campa\u00f1a ten\u00eda su ritual: comenzaron a ulular, da escalofr\u00edo en el cuerpo, ulular que se acent\u00faa, se acelera, hasta que estalla al mismo tiempo en bengalas verdes que inundan el espacio mientras el centenar, quiz\u00e1s m\u00e1s, de militantes de la Campa\u00f1a saltan y corren gritando para llevarse a todas y todos por delante. Las columnas macizas de organizaciones que las anticipaban se disgregaron por el solo efecto del sonido y la vista del brujer\u00edo corriendo como una aplanadora.<\/p>\n<p>Despu\u00e9s lleg\u00f3 el momento del discurso, en el escenario dispuesto sobre la plaza y que ley\u00f3 como en otras ocasiones, la locutora feminista Liliana Daunes. \u201cHoy estamos ac\u00e1 \u2013empez\u00f3 Daunes\u2013 porque construimos juntas un segundo paro internacional feminista. Paramos contra los despidos, el ajuste del gobierno y por aborto legal, seguro y gratuito. Paramos porque venimos a decirle basta a las violencias femicidas y travesticidas y a las violencias econ\u00f3micas y estatales que las sustentan\u201d. Tambi\u00e9n incorpor\u00f3 el paro dentro del marco de la lucha feminista internacional; destac\u00f3 el mapa del trabajo \u201cen clave feminista\u201d y las alianzas transversales entre diferentes conflictos. Record\u00f3 que \u201cparamos porque exigimos el aborto legal, seguro y gratuito\u201d, y para \u201cdefender nuestras disidencias sexuales y de g\u00e9nero\u201d. \u201cPara decir basta a las violencias\u201d; \u201cparamos para denunciar que el Estado es responsable y los gobiernos son responsables\u201d. \u201cParamos porque exigimos un Estado laico\u201d; \u201cporque construimos el movimiento de mujeres como sujeto pol\u00edtico\u201d.<\/p>\n<p>El 8M cerr\u00f3 ya no como un mensaje al poder, fue mucho m\u00e1s que eso, fue y es acto de presencia, la visibilidad de sus cuerpos, pintarrajeados como guerreras (no es un chiste la corrida de las brujas y su ulular entre la humareda verde, aunque sea un grito de alegr\u00eda), sus reclamos, la reciente presentaci\u00f3n del proyecto de ley por el aborto legal, seguro y gratuito; la contundencia de cientos de miles de mujeres tomando la calle. Solas, no importa que muchas fueran acompa\u00f1adas. Solas, visiblemente solas en su paro, en su huelga, en su demostraci\u00f3n de que sin ellas el mundo queda partido y no avanza.<\/p>\n<h6>Fuente: P\u00e1gina 12<\/h6>\n","protected":false},"excerpt":{"rendered":"<p>A lo largo de toda la Avenida de Mayo, mujeres de los m\u00e1s diversos sectores, edades y procedencias mostraron masivamente lo que tienen en com\u00fan: el reclamo por la igualdad de g\u00e9neros, el fin de los femicidios y contra el ajuste que golpea particularmente a ellas.<\/p>\n","protected":false},"author":2,"featured_media":73961,"comment_status":"closed","ping_status":"closed","sticky":false,"template":"","format":"standard","meta":{"footnotes":""},"categories":[8],"tags":[21],"class_list":["post-73960","post","type-post","status-publish","format-standard","has-post-thumbnail","hentry","category-informe-nacional","tag-argentina"],"_links":{"self":[{"href":"http:\/\/argentinamunicipal.com.ar\/argentina\/wp-json\/wp\/v2\/posts\/73960","targetHints":{"allow":["GET"]}}],"collection":[{"href":"http:\/\/argentinamunicipal.com.ar\/argentina\/wp-json\/wp\/v2\/posts"}],"about":[{"href":"http:\/\/argentinamunicipal.com.ar\/argentina\/wp-json\/wp\/v2\/types\/post"}],"author":[{"embeddable":true,"href":"http:\/\/argentinamunicipal.com.ar\/argentina\/wp-json\/wp\/v2\/users\/2"}],"replies":[{"embeddable":true,"href":"http:\/\/argentinamunicipal.com.ar\/argentina\/wp-json\/wp\/v2\/comments?post=73960"}],"version-history":[{"count":0,"href":"http:\/\/argentinamunicipal.com.ar\/argentina\/wp-json\/wp\/v2\/posts\/73960\/revisions"}],"wp:featuredmedia":[{"embeddable":true,"href":"http:\/\/argentinamunicipal.com.ar\/argentina\/wp-json\/wp\/v2\/media\/73961"}],"wp:attachment":[{"href":"http:\/\/argentinamunicipal.com.ar\/argentina\/wp-json\/wp\/v2\/media?parent=73960"}],"wp:term":[{"taxonomy":"category","embeddable":true,"href":"http:\/\/argentinamunicipal.com.ar\/argentina\/wp-json\/wp\/v2\/categories?post=73960"},{"taxonomy":"post_tag","embeddable":true,"href":"http:\/\/argentinamunicipal.com.ar\/argentina\/wp-json\/wp\/v2\/tags?post=73960"}],"curies":[{"name":"wp","href":"https:\/\/api.w.org\/{rel}","templated":true}]}}