{"id":73978,"date":"2018-03-09T06:20:41","date_gmt":"2018-03-09T09:20:41","guid":{"rendered":"http:\/\/argentinamunicipal.com.ar\/argentina\/?p=73978"},"modified":"2018-03-09T07:23:48","modified_gmt":"2018-03-09T10:23:48","slug":"tenemos-mundo-casa","status":"publish","type":"post","link":"http:\/\/argentinamunicipal.com.ar\/argentina\/tenemos-mundo-casa\/","title":{"rendered":"\u201cTenemos el mundo en casa\u201d"},"content":{"rendered":"<p>Antes de la reuni\u00f3n del lunes en Casa Rosada, el presidente de la central fabril volvi\u00f3 a advertir por la suba de las compras al exterior. \u201cHoy tenemos al mundo en nuestros supermercados\u201d, alert\u00f3. \u201cSe invierte si hay ganancias\u201d, agreg\u00f3.<\/p>\n<p>\u201cHoy m\u00e1s que el supermercado del mundo tenemos el mundo en nuestros supermercados\u201d, se quej\u00f3 ayer el presidente de la Uni\u00f3n Industrial Argentina, Miguel Acevedo, por el ingreso de productos importados del rubro alimenticio. El directivo justific\u00f3 las cr\u00edticas de representantes industriales hacia la pol\u00edtica econ\u00f3mica oficial en la primera reuni\u00f3n de comit\u00e9 directivo del a\u00f1o porque \u201cse produjo una catarsis\u201d y plante\u00f3 que las condiciones econ\u00f3micas no est\u00e1n dadas para que el empresario invierta. En tanto, Jos\u00e9 Urtubey, otra cara visible de la UIA, dijo que \u201cla reuni\u00f3n del pr\u00f3ximo lunes est\u00e1 muy buena porque confirma la voluntad de di\u00e1logo\u201d, en relaci\u00f3n a la invitaci\u00f3n que recibieron los empresarios para asistir a la Casa Rosada.<\/p>\n<p>De cara a la reuni\u00f3n con el jefe de Gabinete, Marcos Pe\u00f1a, y el resto del equipo econ\u00f3mico, la dirigencia de la UIA tiene n\u00fameros que respaldan su postura cr\u00edtica. El indicador industrial de la entidad registr\u00f3 en 2017 una suba del 1 por ciento que qued\u00f3 lejos de compensar la merma del 4,9 por ciento registrada en 2016. La lectura que los empresarios le van a transmitir a los funcionarios es que la industria presenta tres velocidades. En el tren delantero est\u00e1n los rubros asociados a la construcci\u00f3n, como los minerales no met\u00e1licos y la industria sider\u00fargica.<\/p>\n<p>En el escal\u00f3n del medio est\u00e1n los sectores que en 2017 quedaron m\u00e1s o menos en la misma l\u00ednea que el a\u00f1o anterior, como es el caso de la industria qu\u00edmica, metalmec\u00e1nica, alimentos y bebidas, automotriz, edici\u00f3n e impresi\u00f3n y papel e impresi\u00f3n. En terreno definitivamente negativo siguen operando el sector textil y calzado. Incluso hacia adentro de los sectores de desempe\u00f1o medio, insisten en la UIA, hay fuertes heterogeneidades. En metalmec\u00e1nica, el segmento de maquinaria agr\u00edcola y autopartes crece a buen ritmo, pero caen los bienes de capital, equipos y aparatos el\u00e9ctricos y fundici\u00f3n. En alimentos se recuper\u00f3 el sector de carnes rojas y carne aviar, pero cayeron los productos l\u00e1cteos y la molienda de soja.<\/p>\n<p>\u201cEn la UIA tenemos todos los martes una reuni\u00f3n de comit\u00e9 y ah\u00ed est\u00e1n representadas las regiones y los sectores. La reuni\u00f3n de la semana pasada fue la primera del a\u00f1o y se produjo una catarsis\u201d, justific\u00f3 Miguel Acevedo las cr\u00edticas de la entidad hacia el Gobierno. \u201cDe todas formas, me sorprendi\u00f3 la contestaci\u00f3n del Gobierno porque fue un exabrupto\u201d, dijo en relaci\u00f3n a la declaraci\u00f3n del ministro de Producci\u00f3n, Francisco Cabrera, de que los industriales deben \u201cdejar de llorar y ponerse a invertir\u201d. \u201cEl empresario invierte cuando tiene ganancia. Si ac\u00e1 se diesen las condiciones, claramente habr\u00eda inversiones\u201d, agreg\u00f3 Acevedo. Otro alto directivo de la UIA consider\u00f3 que \u201cparece que los muchachos de la Casa Rosada est\u00e1n nerviosos y agresivos porque suma en la opini\u00f3n p\u00fablica o porque la econom\u00eda no da soluciones a la industria y se complica todo\u201d.<\/p>\n<p>Por su parte, Jos\u00e9 Urtubey pidi\u00f3 trabajar sobre \u201ctodo el cap\u00edtulo de tasas de preferencia del Banco Central, que son desestimulantes para la producci\u00f3n y estimulantes para comprar Lebacs. El d\u00f3lar se est\u00e1 encareciendo frente al peso y el tema del endeudamiento es limitado\u201d. El ex titular de la UIA y actual diputado nacional por el Frente Renovador, Jos\u00e9 Ignacio de Mendiguren, dijo que \u201cel problema no son las diferencias o el cruce de palabras entre dirigentes de la UIA y funcionarios. El problema es que no tenemos pol\u00edtica industrial\u201d. En paralelo a la dif\u00edcil situaci\u00f3n econ\u00f3mica de la industria, Juan Carlos Lascurain, ex titular de la UIA, fue detenido y luego excarcelado bajo fianza por una causa abierta por presuntas irregularidades en las obras complementarias del yacimiento de R\u00edo Turbio. \u201cNos tom\u00f3 por sorpresa\u201d, dijo Urtubey en relaci\u00f3n a este tema.<\/p>\n<p>El director ejecutivo de la Fundaci\u00f3n ProTejer, Ariel Schale, afirm\u00f3 que \u201cla declaraci\u00f3n de Cabrera es desafortunada y errada tambi\u00e9n, no solamente en el tono sino en los conceptos, hay un error de diagn\u00f3stico y esto es lo que m\u00e1s nos alerta, m\u00e1s all\u00e1 de una declaraci\u00f3n enojada de parte del ministro. No lloramos. No paramos de invertir y de generar trabajo, de hacer lo que podemos hacer en un contexto muy dif\u00edcil. El problema de Argentina es de competitividad sist\u00e9mica, por eso echar la culpa de la falta de competitividad al industrial es un error de diagn\u00f3stico serio\u201d, enfatiz\u00f3.<\/p>\n<h6>Fuente: P\u00e1gina 12<\/h6>\n","protected":false},"excerpt":{"rendered":"<p>Antes de la reuni\u00f3n del lunes en Casa Rosada, el presidente de la central fabril volvi\u00f3 a advertir por la suba de las compras al exterior. \u201cHoy tenemos al mundo en nuestros supermercados\u201d, alert\u00f3. \u201cSe invierte si hay ganancias\u201d, agreg\u00f3.<\/p>\n","protected":false},"author":2,"featured_media":73979,"comment_status":"closed","ping_status":"closed","sticky":false,"template":"","format":"standard","meta":{"footnotes":""},"categories":[8],"tags":[21],"class_list":["post-73978","post","type-post","status-publish","format-standard","has-post-thumbnail","hentry","category-informe-nacional","tag-argentina"],"_links":{"self":[{"href":"http:\/\/argentinamunicipal.com.ar\/argentina\/wp-json\/wp\/v2\/posts\/73978","targetHints":{"allow":["GET"]}}],"collection":[{"href":"http:\/\/argentinamunicipal.com.ar\/argentina\/wp-json\/wp\/v2\/posts"}],"about":[{"href":"http:\/\/argentinamunicipal.com.ar\/argentina\/wp-json\/wp\/v2\/types\/post"}],"author":[{"embeddable":true,"href":"http:\/\/argentinamunicipal.com.ar\/argentina\/wp-json\/wp\/v2\/users\/2"}],"replies":[{"embeddable":true,"href":"http:\/\/argentinamunicipal.com.ar\/argentina\/wp-json\/wp\/v2\/comments?post=73978"}],"version-history":[{"count":0,"href":"http:\/\/argentinamunicipal.com.ar\/argentina\/wp-json\/wp\/v2\/posts\/73978\/revisions"}],"wp:featuredmedia":[{"embeddable":true,"href":"http:\/\/argentinamunicipal.com.ar\/argentina\/wp-json\/wp\/v2\/media\/73979"}],"wp:attachment":[{"href":"http:\/\/argentinamunicipal.com.ar\/argentina\/wp-json\/wp\/v2\/media?parent=73978"}],"wp:term":[{"taxonomy":"category","embeddable":true,"href":"http:\/\/argentinamunicipal.com.ar\/argentina\/wp-json\/wp\/v2\/categories?post=73978"},{"taxonomy":"post_tag","embeddable":true,"href":"http:\/\/argentinamunicipal.com.ar\/argentina\/wp-json\/wp\/v2\/tags?post=73978"}],"curies":[{"name":"wp","href":"https:\/\/api.w.org\/{rel}","templated":true}]}}