{"id":73984,"date":"2018-03-09T05:26:41","date_gmt":"2018-03-09T08:26:41","guid":{"rendered":"http:\/\/argentinamunicipal.com.ar\/argentina\/?p=73984"},"modified":"2018-03-09T07:29:34","modified_gmt":"2018-03-09T10:29:34","slug":"paso-la-persecucion","status":"publish","type":"post","link":"http:\/\/argentinamunicipal.com.ar\/argentina\/paso-la-persecucion\/","title":{"rendered":"Otro paso en la persecuci\u00f3n"},"content":{"rendered":"<p>Sin profundizar en los argumentos, los jueces de la Sala IV de la C\u00e1mara de Casaci\u00f3n, Borinsky, Hornos y Gemignani, rechazaron los planteos de las defensas en la causa por el Memor\u00e1ndum con Ir\u00e1n. Ratificaron tambi\u00e9n las prisiones preventivas.<\/p>\n<p>La C\u00e1mara Federal de Casaci\u00f3n dej\u00f3 ayer firme el procesamiento y la prisi\u00f3n preventiva de la ex presidenta Cristina Fern\u00e1ndez Kirchner en la causa por la firma del Memor\u00e1ndum de Entendimiento con Ir\u00e1n. Los jueces Mariano Borinsky, Juan Carlos Gemignani y Gustavo Hornos rechazaron los recursos de su defensa y la de otros imputados como Carlos Zannini, Oscar Parrilli, H\u00e9ctor Timerman y Luis D\u2019El\u00eda. El m\u00e1ximo tribunal penal del pa\u00eds se limit\u00f3 a argumentar que ninguno de los abogados de los 10 acusados (entre los que se encuentra el ex camarista Le\u00f3n Arslani\u00e1n, Graciana Pe\u00f1afort, Alejandro R\u00faa, Roberto Boico, Lucila Larrandart y Eduardo Barcesat, entre otros) \u201chan logrado demostrar la existencia de un agravio federal debidamente fundado que habilite la jurisdicci\u00f3n\u201d. \u201cEs una resoluci\u00f3n con apariencia de fundamentaci\u00f3n pero lo \u00fanico que esconde es la arbitrariedad. El fallo no hace m\u00e1s que consolidar la maniobra de manipulaci\u00f3n que hicieron a partir del cambio de Gobierno\u201d, se\u00f1al\u00f3 R\u00faa, representante de Timerman, en di\u00e1logo con P\u00e1gina\/12.<\/p>\n<p>Los integrantes de la sala IV de la C\u00e1mara de Casaci\u00f3n, que desde la asunci\u00f3n de Mauricio Macri viene convalidando el giro de 180 grados en la causa por presunto encubrimiento del atentado a la AMIA realizada por el ex fiscal Alberto Nisman, no se encargaron de contradecir ninguno de los argumentos esgrimidos por las defensas sino de considerar que no hubo una \u201ccr\u00edtica concreta y razonada\u201d contra la decisi\u00f3n de la C\u00e1mara de Apelaciones. En el caso de Timerman remarcaron que el planteo se encuentra \u201cabstracto\u201d ya que el ex canciller no est\u00e1 en la c\u00e1rcel porque le otorgaron la prisi\u00f3n domiciliaria producto de su delicado estado de salud. En el caso de CFK, en cambio, la ex mandataria no se encuentra detenida debido a sus fueros parlamentarios. No ocurre lo mismo con otros acusados como el ex secretario legal y t\u00e9cnico, Carlos Zannini, que ni siquiera estaba mencionado en el dictamen del fiscal pero que el juez de todas maneras lo proces\u00f3 y encarcel\u00f3 o el dirigente social Luis D\u2019El\u00eda o Fernando Esteche y Jorge Khalil, que est\u00e1n en prisi\u00f3n preventiva desde hace meses.<\/p>\n<p>La causa por el presunto encubrimiento del atentado a la AMIA a trav\u00e9s de la firma del memor\u00e1ndum ya fue elevada a juicio oral por el juez Claudio Bonadio. Qued\u00f3 a cargo el Tribunal Oral Federal 9, integrado por Alejandro Noceti Ach\u00e1val, Silvia Mora y Alejandro Becerra, designados a dedo por el Gobierno Nacional. Hasta ayer quedaba pendiente la resoluci\u00f3n de los recursos presentados ante la C\u00e1mara Federal porte\u00f1a, que ya hab\u00eda confirmado lo dispuesto por el juez de primera instancia. Borinsky, Hornos y Gemignani fueron los jueces que habilitaron a Bonadio para que, mediante una causa paralela, se quedara finalmente con toda la investigaci\u00f3n y revirtiera por completo las decisiones tanto de primera, segunda y tercera instancia que hab\u00edan concluido inexistencia de delito.<\/p>\n<p>\u201c\u00bfEstudios jur\u00eddicos tan diversos y ninguno pudo conseguir exponer un agravio real? O somos todos abogados in\u00fatiles que no pudimos entre los 10 recursos exponer bien un planteo o hay arbitrariedad. Los antecedentes de este tribunal dan cuenta de lo segundo\u201d, advierte otro de los letrados que se present\u00f3 ante la C\u00e1mara de Casaci\u00f3n.<\/p>\n<p>En principio, varios de los acusados apelar\u00edan ante la Corte Suprema, sobretodo aquellos que se encuentran con prisi\u00f3n preventiva. La causa involucra a otros ex funcionarios kirchneristas como la ex procuradora del Tesoro Angelina Abbona, el ex n\u00famero dos de la AFI, Juan Mart\u00edn Mena y el diputado nacional, Andr\u00e9s Larroque.<\/p>\n<h6>Fuetne: P\u00e1gina 12<\/h6>\n","protected":false},"excerpt":{"rendered":"<p>Sin profundizar en los argumentos, los jueces de la Sala IV de la C\u00e1mara de Casaci\u00f3n, Borinsky, Hornos y Gemignani, rechazaron los planteos de las defensas en la causa por el Memor\u00e1ndum con Ir\u00e1n. Ratificaron tambi\u00e9n las prisiones preventivas.<\/p>\n","protected":false},"author":2,"featured_media":73985,"comment_status":"closed","ping_status":"closed","sticky":false,"template":"","format":"standard","meta":{"footnotes":""},"categories":[8],"tags":[21],"class_list":["post-73984","post","type-post","status-publish","format-standard","has-post-thumbnail","hentry","category-informe-nacional","tag-argentina"],"_links":{"self":[{"href":"http:\/\/argentinamunicipal.com.ar\/argentina\/wp-json\/wp\/v2\/posts\/73984","targetHints":{"allow":["GET"]}}],"collection":[{"href":"http:\/\/argentinamunicipal.com.ar\/argentina\/wp-json\/wp\/v2\/posts"}],"about":[{"href":"http:\/\/argentinamunicipal.com.ar\/argentina\/wp-json\/wp\/v2\/types\/post"}],"author":[{"embeddable":true,"href":"http:\/\/argentinamunicipal.com.ar\/argentina\/wp-json\/wp\/v2\/users\/2"}],"replies":[{"embeddable":true,"href":"http:\/\/argentinamunicipal.com.ar\/argentina\/wp-json\/wp\/v2\/comments?post=73984"}],"version-history":[{"count":0,"href":"http:\/\/argentinamunicipal.com.ar\/argentina\/wp-json\/wp\/v2\/posts\/73984\/revisions"}],"wp:featuredmedia":[{"embeddable":true,"href":"http:\/\/argentinamunicipal.com.ar\/argentina\/wp-json\/wp\/v2\/media\/73985"}],"wp:attachment":[{"href":"http:\/\/argentinamunicipal.com.ar\/argentina\/wp-json\/wp\/v2\/media?parent=73984"}],"wp:term":[{"taxonomy":"category","embeddable":true,"href":"http:\/\/argentinamunicipal.com.ar\/argentina\/wp-json\/wp\/v2\/categories?post=73984"},{"taxonomy":"post_tag","embeddable":true,"href":"http:\/\/argentinamunicipal.com.ar\/argentina\/wp-json\/wp\/v2\/tags?post=73984"}],"curies":[{"name":"wp","href":"https:\/\/api.w.org\/{rel}","templated":true}]}}