{"id":74021,"date":"2018-03-12T07:20:55","date_gmt":"2018-03-12T10:20:55","guid":{"rendered":"http:\/\/argentinamunicipal.com.ar\/argentina\/?p=74021"},"modified":"2018-03-12T07:20:55","modified_gmt":"2018-03-12T10:20:55","slug":"peleas-en-el-barro","status":"publish","type":"post","link":"http:\/\/argentinamunicipal.com.ar\/argentina\/peleas-en-el-barro\/","title":{"rendered":"Peleas en el barro"},"content":{"rendered":"<p>La tasa de inflaci\u00f3n sube y los principales funcionarios del gobierno dicen que baja. Las tensiones cambiarias van creciendo y el jefe de gabinete, Marcos Pe\u00f1a, afirma que el d\u00f3lar no es una variable de crisis en Argentina. El d\u00e9ficit comercial se profundiza por la avalancha de importados y el ministro de Producci\u00f3n, Francisco Cabrera, apunta que los empresarios son unos llorones. El presidente Mauricio Macri habla del crecimiento invisible orientando su mano derecha hacia abajo cuando hace esa definici\u00f3n en el discurso de apertura de las sesiones ordinarias del Congreso. El secretario de Hacienda con cargo de ministro, Nicol\u00e1s Dujovne, pretende enfrentar indicadores econ\u00f3micos negativos con declaraciones buenas ondas para modificar expectativas sociales negativas. Cuando un gobierno llega a esa instancia de pelearse con datos de la realidad, con uno de sus voceros oficiosos asegurando que la inflaci\u00f3n est\u00e1 en la mente, es que la econom\u00eda no s\u00f3lo enfrenta las conocidas restricciones, sino que expone la carencia de conducci\u00f3n y coherencia para gestionarla.<\/p>\n<p>Macri orden\u00f3 a las principales figuras del gabinete a que salgan a los medios a publicitar que la econom\u00eda est\u00e1 mucho mejor de lo que sostienen analistas y percibe la sociedad. La orden fue cumplida y as\u00ed qued\u00f3 m\u00e1s en evidencia la descoordinaci\u00f3n de la pol\u00edtica econ\u00f3mica. Es notable que un gobierno que tiene tan aceitado su inmenso aparato de propaganda se perciba a la defensiva en la construcci\u00f3n del sentido acerca de la situaci\u00f3n econ\u00f3mica. O puede ser que, en realidad, ni con casi todos los medios a favor puede ocultar el desbarajuste econ\u00f3mico y social.<\/p>\n<p><strong>Plate\u00edstas<\/strong><br \/>\nS\u00edntoma del nerviosismo que atrap\u00f3 al Gobierno es la pelea p\u00fablica entablada con pares de la ortodoxia. El secretario de Hacienda, Rodrigo Pena, quien fuera jefe de asesores de Econom\u00eda, cuando el entonces ministro Mart\u00edn Lousteau lanz\u00f3, justo hace un a\u00f1o, la Resoluci\u00f3n 125, que deriv\u00f3 en un conflicto de proporciones, public\u00f3 en La Naci\u00f3n el domingo pasado el art\u00edculo \u201cLa econom\u00eda plate\u00edsta\u201d. Se\u00f1ala que gran parte de los analistas que exponen sus opiniones en los medios y redes sociales comparten el diagn\u00f3stico de la necesidad de reducir el d\u00e9ficit y el ritmo de endeudamiento, pero \u2013seg\u00fan Pena\u2013 fallan en \u201cexplicar razonablemente\u201d c\u00f3mo hacerlo. Dice que esa explicaci\u00f3n racional debe incluir rigor intelectual, datos concretos y confiables, y la comprensi\u00f3n de las restricciones sociales y pol\u00edticas existentes. Describe que en los estadios de f\u00fatbol nunca faltan las personas que desde la comodidad de su asiento insultan a los jugadores y al t\u00e9cnico, y les explican lo que deben hacer para salir campeones. Pena dice que esas personas, en general, se ubican en la platea, reflejo que muestra que no ha transitado la popular de los estadios. Para concluir que \u201cen econom\u00eda tambi\u00e9n hay plate\u00edstas que se especializan en soluciones m\u00e1gicas\u201d.<\/p>\n<p>Esta disputa entre economistas ultraortodoxos, ortodoxos y heterodoxos conservadores en el pasado que hoy son simplemente voluntaristas, es muy interesante. Discuten el nivel de gradualismo, el error de no haber hecho un shock inicial o de no haber informado a la poblaci\u00f3n cu\u00e1l fue la herencia econ\u00f3mica. Aislando los egos de los protagonistas, la pelea no es entre la platea y el campo de juego, sino que se da en el barro de la ortodoxia del ajuste al salario, de la pol\u00edtica ofertista (reducci\u00f3n de impuestos a las empresas y ricos), de la apertura comercial, el endeudamiento y la desregulaci\u00f3n financiera. No hay diferencias sustanciales de fondo entre ellos.<\/p>\n<p>Transcurridos m\u00e1s de dos a\u00f1os de esa pol\u00edtica, el saldo es de mediocre a malo en los indicadores econ\u00f3micos clave. La ortodoxia del ultra shock no quiere quedar asociada a la ortodoxia del shock, que es presentada como gradualista. Es cierto que frente a los gurkas de la ortodoxia, los del Gobierno parecen moderados, pero s\u00f3lo por contraste porque en la esencia no difieren en mucho.<\/p>\n<p><strong>Culpa<\/strong><br \/>\nEs conmovedor observar a economistas oficialistas, anti k furiosos y conservadores los intentos que hacen para no quedar emparentados con una pol\u00edtica econ\u00f3mica que no puede mostrar ni que la inflaci\u00f3n baja ni que los d\u00e9ficits fiscal y externo pueden ser controlados. Los datos de crecimiento interanual de los indicadores EMAE (nivel de actividad) y EMI (producci\u00f3n industrial) que entusiasman a los funcionarios, porque la comparaci\u00f3n es con meses malos del a\u00f1o pasado, empezar\u00e1n a ser neutros o negativos a partir de julio y mayo, respectivamente.<\/p>\n<p>La culpa de los resultados desalentadores siempre ser\u00e1 asignada a otros factores ajenos a la propia pol\u00edtica. Ser\u00e1 por la falta de audacia de los pol\u00edticos o del cambio del contexto internacional; nunca de los postulados econ\u00f3micos de la ortodoxia a los que se abrazan con pasi\u00f3n. Es el mismo comportamiento que tuvieron con el derrape de la pol\u00edtica de Mart\u00ednez de Hoz en la dictadura militar y luego con el estallido de la convertibilidad de Cavallo en el per\u00edodo que abarc\u00f3 los gobiernos de Menem y De la R\u00faa. Casi todas las tribus de la ortodoxia ya tuvieron la oportunidad de manejar el Ministerio de Econom\u00eda (hoy en manos de la Universidad Torcuato Di Tella), con el saldo negativo conocido. Los fiascos est\u00e1n registrados (Fundaci\u00f3n Mediterr\u00e1nea, CEMA, FIEL), y la grey de la ortodoxia fuera del gobierno hoy no quiere sumar uno m\u00e1s y entonces busca desmarcarse de la pol\u00edtica econ\u00f3mica del macrismo. Pero la discusi\u00f3n entre gradualismo y shock es falsa, confunde y sirve como distracci\u00f3n mientras se va consolidando una pauta de distribuci\u00f3n regresiva del ingreso. En esto coinciden unos y otros al identificar el mismo enemigo: el salario y la organizaci\u00f3n gremial de trabajadores. En otros t\u00e9rminos, algunos dicen que el desaf\u00edo que tiene la econom\u00eda argentina es contener las demandas distributivas, que no son otras que las de los sectores postergados.<\/p>\n<p>Con la perdida de efectividad de la estrategia de culpar al pasado por las penurias presentes, la descoordinaci\u00f3n de la administraci\u00f3n de la econom\u00eda queda m\u00e1s expuesta. La fragmentaci\u00f3n en el manejo del \u00e1rea en seis ministerios (Producci\u00f3n, Hacienda, Finanzas, Interior, Energ\u00eda y Transporte), adem\u00e1s con los bancos Central y Naci\u00f3n haciendo su juego, pretendiendo unir las piezas en la conducci\u00f3n de la jefatura de gabinete, tiene como resultado medidas y se\u00f1ales confusas hacia los actores econ\u00f3micos. Para el jefe de gabinete Pe\u00f1a, la meta de inflaci\u00f3n es una orientaci\u00f3n de la velocidad de la baja esperada en los precios y, por lo tanto, no hay que cumplir el 15 por ciento, mientras que para el secretario Dujovne es fundamental cumplirla. Si en ese nivel de responsabilidad en las decisiones de gobierno existe esa discrepancia discursiva en uno de los tres temas econ\u00f3micos m\u00e1s sensibles para la poblaci\u00f3n \u2013los otros son el empleo y el d\u00f3lar\u2013, se pone en duda la existencia de la m\u00ednima e imprescindible sinton\u00eda fina en la gesti\u00f3n.<\/p>\n<p><strong>Inflaci\u00f3n<\/strong><br \/>\nEl err\u00e1tico manejo de la pol\u00edtica anti inflacionaria muestra la desorientaci\u00f3n econ\u00f3mica del gobierno. Para Macri candidato bajar la inflaci\u00f3n era lo m\u00e1s f\u00e1cil de hacer y la tasa de inter\u00e9s fue inicialmente la principal herramienta para domarla. El fracaso en esa tarea del presidente del Banco Central, Federico Sturzenegger, orient\u00f3 la mira hacia la cuesti\u00f3n fiscal, prometiendo el equipo econ\u00f3mico reducir el desequilibrio de las cuentas p\u00fablicas como aporte para bajar la inflaci\u00f3n.<\/p>\n<p>La devaluaci\u00f3n de casi 20 por ciento desde diciembre pasado facilita la licuaci\u00f3n de parte del d\u00e9ficit fiscal. Con gastos nominales subiendo por debajo de la inflaci\u00f3n esperada, incluyendo salarios p\u00fablicos, se evita el desborde de las cuentas p\u00fablicas. Hacienda tiene de ese modo m\u00e1s margen de cumplir con las metas fiscales del a\u00f1o. El ajuste cambiario tambi\u00e9n acomoda un poco el frente externo.<\/p>\n<p>El Central modific\u00f3 la meta de inflaci\u00f3n, baj\u00f3 la tasa de inter\u00e9s y ahora reconoce que la suba del tipo de cambio est\u00e1 impactando en los precios. Para evitar una escalada del d\u00f3lar empez\u00f3 a rifar reservas (casi 400 millones de d\u00f3lares en una semana) por el miedo a avivar el fuego inflacionario. Pasado ma\u00f1ana tendr\u00e1 que decidir si sube la tasa de inter\u00e9s para aliviar la corrida o si sigue vendiendo m\u00e1s d\u00f3lares para satisfacer la creciente demanda de billetes verdes<\/p>\n<p>El Gobierno quiere que el salario tambi\u00e9n act\u00fae como ancla inflacionaria al pretender la fijaci\u00f3n del techo de las paritarias en 15 por ciento. Finalmente, otro frente de ataque es culpar a los empresarios \u201cllorones\u201d por los aumentos de precios. Complet\u00f3 as\u00ed el cuado de acci\u00f3n, y de acuerdo al abordaje que esta haciendo de la cuesti\u00f3n de los precios, considera que la inflaci\u00f3n en Argentina reconoce origen monetario (tasa de inter\u00e9s), fiscal (gasto p\u00fablico), cambiario (d\u00f3lar), salarial (sindicatos) y monop\u00f3lico (empresas).<\/p>\n<p>No hay muchas posibilidades de que el estado de nerviosismo pol\u00edtico que atrap\u00f3 al Gobierno por la ca\u00edda de la imagen de Macri junto a esa incoherencia conceptual, que se exhibe con la cuesti\u00f3n inflacionaria, no se traslade a una gesti\u00f3n econ\u00f3mica con resultados decepcionantes transcurrida m\u00e1s de la mitad del mandato.<\/p>\n<p>Por\u00a0Alfredo Zaiat<\/p>\n<h6>Fuente P\u00e1gina 12<\/h6>\n","protected":false},"excerpt":{"rendered":"<p>La tasa de inflaci\u00f3n sube y los principales funcionarios del gobierno dicen que baja. Las tensiones cambiarias van creciendo y el jefe de gabinete, Marcos Pe\u00f1a, afirma que el d\u00f3lar no es una variable de crisis en Argentina. <\/p>\n","protected":false},"author":2,"featured_media":74022,"comment_status":"closed","ping_status":"closed","sticky":false,"template":"","format":"standard","meta":{"footnotes":""},"categories":[6],"tags":[21],"class_list":["post-74021","post","type-post","status-publish","format-standard","has-post-thumbnail","hentry","category-opiniones","tag-argentina"],"_links":{"self":[{"href":"http:\/\/argentinamunicipal.com.ar\/argentina\/wp-json\/wp\/v2\/posts\/74021","targetHints":{"allow":["GET"]}}],"collection":[{"href":"http:\/\/argentinamunicipal.com.ar\/argentina\/wp-json\/wp\/v2\/posts"}],"about":[{"href":"http:\/\/argentinamunicipal.com.ar\/argentina\/wp-json\/wp\/v2\/types\/post"}],"author":[{"embeddable":true,"href":"http:\/\/argentinamunicipal.com.ar\/argentina\/wp-json\/wp\/v2\/users\/2"}],"replies":[{"embeddable":true,"href":"http:\/\/argentinamunicipal.com.ar\/argentina\/wp-json\/wp\/v2\/comments?post=74021"}],"version-history":[{"count":0,"href":"http:\/\/argentinamunicipal.com.ar\/argentina\/wp-json\/wp\/v2\/posts\/74021\/revisions"}],"wp:featuredmedia":[{"embeddable":true,"href":"http:\/\/argentinamunicipal.com.ar\/argentina\/wp-json\/wp\/v2\/media\/74022"}],"wp:attachment":[{"href":"http:\/\/argentinamunicipal.com.ar\/argentina\/wp-json\/wp\/v2\/media?parent=74021"}],"wp:term":[{"taxonomy":"category","embeddable":true,"href":"http:\/\/argentinamunicipal.com.ar\/argentina\/wp-json\/wp\/v2\/categories?post=74021"},{"taxonomy":"post_tag","embeddable":true,"href":"http:\/\/argentinamunicipal.com.ar\/argentina\/wp-json\/wp\/v2\/tags?post=74021"}],"curies":[{"name":"wp","href":"https:\/\/api.w.org\/{rel}","templated":true}]}}