{"id":74027,"date":"2018-03-12T07:25:54","date_gmt":"2018-03-12T10:25:54","guid":{"rendered":"http:\/\/argentinamunicipal.com.ar\/argentina\/?p=74027"},"modified":"2018-03-12T07:25:54","modified_gmt":"2018-03-12T10:25:54","slug":"una-cumbre-descomprimir-la-tension","status":"publish","type":"post","link":"http:\/\/argentinamunicipal.com.ar\/argentina\/una-cumbre-descomprimir-la-tension\/","title":{"rendered":"Una cumbre para descomprimir la tensi\u00f3n"},"content":{"rendered":"<p>Los industriales se hab\u00edan quejado por las consecuencias que les trae la pol\u00edtica econ\u00f3mica y el ministro de Producci\u00f3n los tild\u00f3 de \u201cllorones\u201d y les pidi\u00f3 que invirtieran. \u201cNo nos gustan las bravuconadas\u201d, respondieron desde la UIA. Hoy se ver\u00e1n las caras.<\/p>\n<p>Con el objetivo de descomprimir la tensi\u00f3n, el jefe de Gabinete, Marcos Pe\u00f1a, y el ministro de Producci\u00f3n, Francisco Cabrera, recibir\u00e1n hoy al mediod\u00eda en la Casa de Gobierno a los miembros del comit\u00e9 ejecutivo de la Uni\u00f3n Industrial Argentina (UIA). A la reuni\u00f3n asistir\u00e1n el titular de la UIA, Miguel Acevedo, y los vicepresidentes de la entidad Daniel Funes de Rioja y Luis Betnaza. Durante las \u00faltimas dos semanas funcionarios y empresarios mantuvieron un cruce p\u00fablico por las dificultades que atraviesa la econom\u00eda.<\/p>\n<p>La Junta Directiva de la UIA realiz\u00f3 un encuentro el martes 27 de febrero donde quedaron plasmadas numerosas cr\u00edticas al modelo econ\u00f3mico, las cuales r\u00e1pidamente se filtraron a la prensa. En esa reuni\u00f3n, los industriales cuestionaron el crecimiento de las importaciones, la baja del consumo, la suba de tarifas, la persistencia de los cortes de luz y el intento de firmar un acuerdo de libre comercio con la Uni\u00f3n Europea desde el Mercosur justo cuando las principales potencias apelan a herramientas proteccionistas.<\/p>\n<p>Adri\u00e1n Kauffman Brea, representante de Arcor y ex presidente de la UIA, manifest\u00f3 su preocupaci\u00f3n por la creciente importaci\u00f3n de tomates de Italia que ya equivale el 21 por ciento de la producci\u00f3n local. \u201cEs algo que no se puede tolerar\u201d, asegur\u00f3. Alberto Sellaro, de la C\u00e1mara del Calzado, tambi\u00e9n se mostr\u00f3 preocupado por la avalancha importadora. Claudio Rodr\u00edguez, directivo de Sinteplast, dijo que la demanda de pinturas est\u00e1 creciendo, pero que no le puede hacer frente por los reiterados cortes de luz. A la lista de cr\u00edticos se sum\u00f3 tambi\u00e9n Daniel Funes de Rioja quien manifest\u00f3 su malestar por la suba de la al\u00edcuota del impuesto a los Ingresos Brutos que decidieron algunas jurisdicciones. La mayor\u00eda coincidi\u00f3 adem\u00e1s en ver con resquemor el acuerdo Mercosur-Uni\u00f3n Europea.<\/p>\n<p>\u201cEl pa\u00eds requiere empresarios protagonistas, que tomen una agenda ofensiva y no defensiva para avanzar juntos en el camino de la transformaci\u00f3n productiva, del crecimiento y la inserci\u00f3n internacional\u201d, respondi\u00f3 Cabrera el jueves 1\u00ba de marzo en una carta dirigida a la entidad fabril. El s\u00e1bado siguiente el ministro decidi\u00f3 salir por radio y fue un poco menos protocolar. \u201cQue se dejen de llorar y que se pongan a invertir y a competir\u201d, sostuvo. Luego el propio presidente Macri se meti\u00f3 en la pelea y aval\u00f3 a su ministro diciendo que \u201cGuillermo Moreno les rompi\u00f3 la cabeza a muchos de estos tipos\u201d. \u201cNo nos gustan las bravuconadas\u201d, respondi\u00f3 el empresario y dirigente de la UIA, Jos\u00e9 Urtubey.<\/p>\n<p>El ministro de Producci\u00f3n public\u00f3 ayer una columna en el diario La Naci\u00f3n donde intent\u00f3 ser m\u00e1s contemporizador, aunque sin desdecirse de sus dichos. \u201cLa semana pasada dije que algunos empresarios ten\u00edan que dejar de llorar y ponerse a trabajar hacia el futuro. Quiz\u00e1s a alguno no le gust\u00f3 la forma; pero el fondo es claro: tenemos que cambiar y ser m\u00e1s competitivos. Es un camino compartido. Me consta que muchos de ustedes ya lo est\u00e1n transitando\u201d, se\u00f1al\u00f3. Despu\u00e9s les apunt\u00f3 a los que todav\u00eda se resisten a encolumnarse detr\u00e1s del discurso oficial. \u201cAlgunos empresarios, sin embargo, se resisten al cambio. Son los que crecieron a costa del Estado, a costa de todos los argentinos, gracias a gobiernos que promovieron monopolios, cerraron fronteras, alimentaron nichos de ineficacia, precariedad y corrupci\u00f3n. No son muchos, pero a veces parecen ser los m\u00e1s visibles\u201d, puntualiz\u00f3. El titular de FIAT, Cristiano Rattazzi, tambi\u00e9n critic\u00f3 a sus pares de la UIA. \u201cHay algunos que no entendieron que el pa\u00eds cambi\u00f3 hacia una competitividad, una inserci\u00f3n en el mundo\u201d, asegur\u00f3 el empresario que tambi\u00e9n se destaca por su militancia oficialista.<\/p>\n<h6>Fuente: P\u00e1gina 12<\/h6>\n","protected":false},"excerpt":{"rendered":"<p>Los industriales se hab\u00edan quejado por las consecuencias que les trae la pol\u00edtica econ\u00f3mica y el ministro de Producci\u00f3n los tild\u00f3 de \u201cllorones\u201d y les pidi\u00f3 que invirtieran. <\/p>\n","protected":false},"author":2,"featured_media":74028,"comment_status":"closed","ping_status":"closed","sticky":false,"template":"","format":"standard","meta":{"footnotes":""},"categories":[8],"tags":[21],"class_list":["post-74027","post","type-post","status-publish","format-standard","has-post-thumbnail","hentry","category-informe-nacional","tag-argentina"],"_links":{"self":[{"href":"http:\/\/argentinamunicipal.com.ar\/argentina\/wp-json\/wp\/v2\/posts\/74027","targetHints":{"allow":["GET"]}}],"collection":[{"href":"http:\/\/argentinamunicipal.com.ar\/argentina\/wp-json\/wp\/v2\/posts"}],"about":[{"href":"http:\/\/argentinamunicipal.com.ar\/argentina\/wp-json\/wp\/v2\/types\/post"}],"author":[{"embeddable":true,"href":"http:\/\/argentinamunicipal.com.ar\/argentina\/wp-json\/wp\/v2\/users\/2"}],"replies":[{"embeddable":true,"href":"http:\/\/argentinamunicipal.com.ar\/argentina\/wp-json\/wp\/v2\/comments?post=74027"}],"version-history":[{"count":0,"href":"http:\/\/argentinamunicipal.com.ar\/argentina\/wp-json\/wp\/v2\/posts\/74027\/revisions"}],"wp:featuredmedia":[{"embeddable":true,"href":"http:\/\/argentinamunicipal.com.ar\/argentina\/wp-json\/wp\/v2\/media\/74028"}],"wp:attachment":[{"href":"http:\/\/argentinamunicipal.com.ar\/argentina\/wp-json\/wp\/v2\/media?parent=74027"}],"wp:term":[{"taxonomy":"category","embeddable":true,"href":"http:\/\/argentinamunicipal.com.ar\/argentina\/wp-json\/wp\/v2\/categories?post=74027"},{"taxonomy":"post_tag","embeddable":true,"href":"http:\/\/argentinamunicipal.com.ar\/argentina\/wp-json\/wp\/v2\/tags?post=74027"}],"curies":[{"name":"wp","href":"https:\/\/api.w.org\/{rel}","templated":true}]}}