{"id":74039,"date":"2018-03-12T07:44:59","date_gmt":"2018-03-12T10:44:59","guid":{"rendered":"http:\/\/argentinamunicipal.com.ar\/argentina\/?p=74039"},"modified":"2018-03-12T07:44:59","modified_gmt":"2018-03-12T10:44:59","slug":"santa-fe-dejaron-crecer-las-villas-miseria-parece-lo-hicieran-proposito","status":"publish","type":"post","link":"http:\/\/argentinamunicipal.com.ar\/argentina\/santa-fe-dejaron-crecer-las-villas-miseria-parece-lo-hicieran-proposito\/","title":{"rendered":"Santa Fe: \u201cDejaron crecer las villas miseria y parece que lo hicieran a prop\u00f3sito\u201d"},"content":{"rendered":"<p>El sacerdote fue el portavoz de los curas de las parroquias del cord\u00f3n oeste. Esta semana se reunieron con la Defensor\u00eda del Pueblo para canalizar sus reclamos. Denuncia un aumento de la criminalidad, la falta de infraestructura y la inacci\u00f3n de Ni\u00f1ez.<\/p>\n<p>Marginaci\u00f3n, pobreza y exclusi\u00f3n son los signos que llevan como una cruz muchos de los vecinos del cord\u00f3n oeste de la ciudad. Muchas veces son los curas villeros quienes deben alzar la voz para que aquellos \u201csin voz\u201d puedan ser escuchados. Hoy fue el turno del cura Ernesto Aguera, que pertenece a la parroquia Virgen de los Pobres, ubicada en la esquina de Misiones y 12 de Octubre, en el coraz\u00f3n de Villa Yapey\u00fa, al l\u00edmite noroeste santafesino.<\/p>\n<p>El padre Ernesto particip\u00f3 el jueves de una reuni\u00f3n convocada por el Defensor del Pueblo, Ra\u00fal Lamberto, que hab\u00eda sido previamente coordinada con el arzobispo Jos\u00e9 Mar\u00eda Arancedo. Sobre la gastada mesa de madera parroquial, el sacerdote reg\u00f3 un calvario de reclamos como portavoz de los vecinos y de sus pares de las dem\u00e1s parroquias del oeste, que lo secundaron durante la reuni\u00f3n.<\/p>\n<p>El sacerdote llevaba consigo carpetas con anotaciones y reclamos de larga data, lo que habla a las claras de la postergaci\u00f3n social que viven, ya que muchos de esos pedidos son de hace a\u00f1os atr\u00e1s y todav\u00eda no fueron solucionados. Habl\u00f3 de la existencia de reclamos comunes a todas las parroquias del oeste, y destac\u00f3 tres cuestiones urgentes: la criminalidad y la ausencia del Estado para combatirla, la degradaci\u00f3n urbana y el desempe\u00f1o de la Subsecretar\u00eda de la Ni\u00f1ez; a los que consider\u00f3 como problemas \u201cmuy graves\u201d.<\/p>\n<p><strong>Radiograf\u00eda de la violencia<\/strong><\/p>\n<p>\u201cEn los barrios trabajamos en red con las distintas instituciones, pero las instancias superiores brillan por su ausencia\u201d, comenz\u00f3 diciendo el padre Ernesto.<\/p>\n<p>\u2014\u00bfCu\u00e1l es el pulso de la violencia que palpan en la parroquia del barrio?<\/p>\n<p>\u2014Hasta noviembre tuvimos un a\u00f1o muy tranquilo, gracias a Dios y a la presencia del Estado, pero en diciembre se dispararon los asaltos y robos, y aumentaron exponencialmente los homicidios. Si hacemos un c\u00e1lculo, a este ritmo vamos a llegar a 150 homicidios al a\u00f1o, lo cual volver\u00eda a posicionar a Santa Fe entre las ciudades m\u00e1s violentas de Latinoam\u00e9rica, con unos 450 mil habitantes, nada m\u00e1s. Entonces, vemos que los entes estatales no est\u00e1n funcionando.<\/p>\n<p>\u2014\u00bfHace falta mayor prevenci\u00f3n?<\/p>\n<p>\u2014La Polic\u00eda de Santa Fe s\u00f3lo son juntacad\u00e1veres, act\u00faan cuando ya est\u00e1 el muerto; previamente, nada.<\/p>\n<p>\u2014\u00bfEn los barrios del cord\u00f3n oeste no se ve la presencia de las fuerzas federales que arribaron a la ciudad?<\/p>\n<p>\u2014No. En otras \u00e9pocas se vieron un poco, pero ac\u00e1 tiene que haber un plan coordinado, porque no es cuesti\u00f3n de traer un mont\u00f3n de gente un mes y que despu\u00e9s desaparezca. Adem\u00e1s, para que recorran la calle principal y nada m\u00e1s no sirve. Ac\u00e1 tiene que haber un trabajo serio de inteligencia y prevenci\u00f3n, y no hacer \u201cchapa\u201d. Falta un ajuste en el desempe\u00f1o de los organismos estatales.<\/p>\n<p><strong>Postergaci\u00f3n urbana<\/strong><\/p>\n<p>Otro de los puntos a los que se refiri\u00f3 el cura Ernesto, tiene que ver con la falta de infraestructura y urbanismo, y sus consecuencias en la vida cotidiana.<\/p>\n<p>\u2014\u00bfCu\u00e1les son las prioridades de lo que falta en infraestructura en el barrio?<\/p>\n<p>\u2014Con el Plan Abre se hizo una muy buena tarea en nuestro barrio, y hay que decirlo. Porque as\u00ed como criticamos tambi\u00e9n felicitamos. Pero tenemos un grave problema con la Municipalidad: se han bloqueado calles porque se construy\u00f3 sobre las mismas, y se lo venimos advirtiendo al intendente y a la Municipalidad desde septiembre de 2015, por nota y con fotos. No nos dieron bolilla, por supuesto. Dejaron crecer las villas miseria y parece que lo hicieran a prop\u00f3sito.<\/p>\n<p>Otro tema es que la recolecci\u00f3n de basura no llega a todo el barrio. Si ven\u00eds por Teniente Loza bajando de la Circunvalaci\u00f3n Oeste te encontr\u00e1s con un mont\u00f3n de basurales a cielo abierto y de noche no hay luz. Entonces, la mejor manera de atracar a una persona es en los rulos de la Circunvalaci\u00f3n. Creo que tenemos tantos derechos como el que vive en el centro de la ciudad. Es una pena que se la pasen gastando en iluminaci\u00f3n de un color, de otro para los bulevares y la peatonal y ac\u00e1 no nos cambian un foquito en m\u00e1s de un a\u00f1o. Eso es un s\u00edntoma claro de discriminaci\u00f3n, porque ac\u00e1 todo el mundo se la da de \u201cprogre\u201d pero seguimos siendo tan oligarcas como en el a\u00f1o 30.<\/p>\n<p>\u2014 El intendente dijo d\u00edas atr\u00e1s que su objetivo para estos dos a\u00f1os que le quedan de gesti\u00f3n ser\u00e1 esta zona de la ciudad, \u00bfest\u00e1n al tanto de ello?<\/p>\n<p>\u2014 Estoy seguro de que miente, porque ya en 2015 dijo lo mismo. Tuvimos una reuni\u00f3n junto a varios de estos sacerdotes (se\u00f1al\u00f3 a quienes lo acompa\u00f1aban) en la que dijo lo mismo, y las cosas empeoraron. De varias calles que ten\u00edan que asfaltar, s\u00f3lo asfaltaron avenida Santa Fe, mientras que calle Misiones, frente a la parroquia, es el monumento al pozo. Ac\u00e1 tengo una carpeta donde guardo todo lo que le reclamamos en 2016. No hizo nada. Entonces es f\u00e1cil mentir para los medios, pero la realidad es otra. Ven\u00ed a caminar estas calles un d\u00eda de lluvia y te vas a dar cuenta, porque hoy est\u00e1 espl\u00e9ndido porque hay sol y hace mucho que no llueve, pero si vas al fondo del barrio a la zona de las casitas de pl\u00e1stico, que habitan desde 2003, no tienen ni siquiera una zanja. Se lo reclamamos hace dos a\u00f1os y medio. Cero respuesta.<\/p>\n<p><strong>Ni\u00f1ez<\/strong><\/p>\n<p>Sobre el final de la entrevista, el p\u00e1rroco de la iglesia Virgen de los Pobres se refiri\u00f3 a la \u201cdesprotecci\u00f3n\u201d que sufren ciertos ni\u00f1os del barrio de parte del Estado.<\/p>\n<p>\u2014 \u00bfQu\u00e9 reparos tiene sobre el accionar de la Subsecretar\u00eda de Ni\u00f1ez?<\/p>\n<p>\u2014 La realidad es que la Subsecretar\u00eda de Ni\u00f1ez no funciona. No s\u00e9 si esto tiene consecuencias pero yo digo la verdad. A m\u00ed me preocupa mucho y tenemos casos concretos de chicas y chicos abusados que permanecen con sus abusadores. Yo no soy ministro pero entiendo que la Subsecretar\u00eda debe actuar para separar inmediatamente a unos de otros. Las escuelas llaman cada vez que ocurre un caso y todo muere en un caj\u00f3n. Y las v\u00edctimas tienen que convivir durante a\u00f1os con sus abusadores. Busquen en archivos el caso de uno de los ni\u00f1os de la escuela Hip\u00f3lito Yrigoyen que fue asesinado hace dos a\u00f1os por sus propios padres, y hab\u00eda una medida que nunca la hicieron cumplir efectivamente. Entonces, si tenemos un organismo que no funciona, que no gasten plata en \u201c\u00f1oquis\u201d. Si nos escandalizamos cuando vemos lo que pasaba en Colombia y ocurre hoy en M\u00e9xico, sepan que vamos hacia all\u00ed.<\/p>\n<p>El caso al que hizo menci\u00f3n el padre Ernesto es el del ni\u00f1o Nicol\u00e1s Almada, de 6 a\u00f1os, quien fue asesinado a golpes a fines de 2016. Su madre y su padrastro fueron detenidos (al a\u00f1o ella fue liberada). El menor hab\u00eda sido separado del grupo familiar por decisi\u00f3n de la Subsecretar\u00eda de la Ni\u00f1ez de la provincia, pero regres\u00f3 luego y ocurri\u00f3 lo peor.<br \/>\nPrioridad<\/p>\n<p>A fines de febrero, el intendente Jos\u00e9 Corral dijo que viene trabajando junto a H\u00e1bitat de Naci\u00f3n en proyectos de intervenci\u00f3n integral (como ya se hizo en Chalet y San Lorenzo, entre otros) para el noroeste de la ciudad, con barrio Yapey\u00fa como centro, para Loyola y San Agust\u00edn. Y asegur\u00f3 que \u00e9se ser\u00e1 su objetivo para los pr\u00f3ximos dos a\u00f1os.<\/p>\n<h6>Fuente: El Litoral<\/h6>\n","protected":false},"excerpt":{"rendered":"<p>El sacerdote fue el portavoz de los curas de las parroquias del cord\u00f3n oeste. Esta semana se reunieron con la Defensor\u00eda del Pueblo para canalizar sus reclamos. Denuncia un aumento de la criminalidad, la falta de infraestructura y la inacci\u00f3n de Ni\u00f1ez.<\/p>\n","protected":false},"author":2,"featured_media":74040,"comment_status":"closed","ping_status":"closed","sticky":false,"template":"","format":"standard","meta":{"footnotes":""},"categories":[2],"tags":[10],"class_list":["post-74039","post","type-post","status-publish","format-standard","has-post-thumbnail","hentry","category-informe-municipal","tag-santa-fe"],"_links":{"self":[{"href":"http:\/\/argentinamunicipal.com.ar\/argentina\/wp-json\/wp\/v2\/posts\/74039","targetHints":{"allow":["GET"]}}],"collection":[{"href":"http:\/\/argentinamunicipal.com.ar\/argentina\/wp-json\/wp\/v2\/posts"}],"about":[{"href":"http:\/\/argentinamunicipal.com.ar\/argentina\/wp-json\/wp\/v2\/types\/post"}],"author":[{"embeddable":true,"href":"http:\/\/argentinamunicipal.com.ar\/argentina\/wp-json\/wp\/v2\/users\/2"}],"replies":[{"embeddable":true,"href":"http:\/\/argentinamunicipal.com.ar\/argentina\/wp-json\/wp\/v2\/comments?post=74039"}],"version-history":[{"count":0,"href":"http:\/\/argentinamunicipal.com.ar\/argentina\/wp-json\/wp\/v2\/posts\/74039\/revisions"}],"wp:featuredmedia":[{"embeddable":true,"href":"http:\/\/argentinamunicipal.com.ar\/argentina\/wp-json\/wp\/v2\/media\/74040"}],"wp:attachment":[{"href":"http:\/\/argentinamunicipal.com.ar\/argentina\/wp-json\/wp\/v2\/media?parent=74039"}],"wp:term":[{"taxonomy":"category","embeddable":true,"href":"http:\/\/argentinamunicipal.com.ar\/argentina\/wp-json\/wp\/v2\/categories?post=74039"},{"taxonomy":"post_tag","embeddable":true,"href":"http:\/\/argentinamunicipal.com.ar\/argentina\/wp-json\/wp\/v2\/tags?post=74039"}],"curies":[{"name":"wp","href":"https:\/\/api.w.org\/{rel}","templated":true}]}}