{"id":74042,"date":"2018-03-12T05:45:20","date_gmt":"2018-03-12T08:45:20","guid":{"rendered":"http:\/\/argentinamunicipal.com.ar\/argentina\/?p=74042"},"modified":"2018-03-12T07:47:10","modified_gmt":"2018-03-12T10:47:10","slug":"buscan-prohibir-glifosato-la-ciudad-santa-fe-una-ordenanza","status":"publish","type":"post","link":"http:\/\/argentinamunicipal.com.ar\/argentina\/buscan-prohibir-glifosato-la-ciudad-santa-fe-una-ordenanza\/","title":{"rendered":"Buscan prohibir el glifosato en la ciudad de Santa Fe con una ordenanza"},"content":{"rendered":"<p>Paren de Fumigarnos impulsa la propuesta que presentar\u00e1 ma\u00f1ana, a las 10, en la explanada del Concejo Municipal. Piden una normativa similar a la que ya se aprob\u00f3 en Paran\u00e1 y en Rosario.<\/p>\n<p>Integrantes de la campa\u00f1a Paren de Fumigarnos presentan ma\u00f1ana el proyecto de ordenanza de Prohibici\u00f3n del Glifosato, a las 10, en la explanada del\u00a0Concejo\u00a0Municipal.<\/p>\n<p>\u00abEl biocida m\u00e1s famoso de Monsanto es considerado causa probable de enfermedades graves o irreversibles por la Organizaci\u00f3n Mundial de la Salud, por ello ya fue prohibido en varias ciudades del pa\u00eds, entre ellas\u00a0Paran\u00e1\u00a0y Rosario a fines del a\u00f1o pasado\u00bb, destacaron los organizadores del evento, en una convocatoria p\u00fablica a la ciudadan\u00eda desde sus redes sociales.<\/p>\n<p>En la misma l\u00ednea, insistieron con las cifras: \u00ab220 millones de litros del herbicida Glifosato se riegan sobre los campos argentinos a\u00f1o tras a\u00f1o, impactando sobre la biodiversidad y la salud humana, por ello debemos alejarlo lo m\u00e1s posible de las poblaciones mientras exigimos la transformaci\u00f3n del modelo agroindustrial contaminante hacia uno de producci\u00f3n de alimentos sanos\u00bb.<\/p>\n<p>\u00abMuchos pa\u00edses de Europa tambi\u00e9n han prohibido este agrot\u00f3xico en los \u00faltimos tiempos \u2013continuaron\u2013.\u00a0Santa Fe\u00a0se merece una ordenanza que nos ponga a la vanguardia en el resguardo de la salud p\u00fablica y ambiental, por eso decimos: NO AL GLIFOSATO\u00bb.<\/p>\n<p>Por \u00faltimo, el colectivo de ambientalistas invit\u00f3 a la ciudadan\u00eda a sumarse a la presentaci\u00f3n del proyecto, este lunes 12, desde las 10, en el Concejo.<\/p>\n<h6>Fuente: Uno Santa Fe<\/h6>\n","protected":false},"excerpt":{"rendered":"<p>Paren de Fumigarnos impulsa la propuesta que presentar\u00e1 ma\u00f1ana, a las 10, en la explanada del Concejo Municipal. Piden una normativa similar a la que ya se aprob\u00f3 en Paran\u00e1 y en Rosario.<\/p>\n","protected":false},"author":2,"featured_media":74043,"comment_status":"closed","ping_status":"closed","sticky":false,"template":"","format":"standard","meta":{"footnotes":""},"categories":[2],"tags":[10],"class_list":["post-74042","post","type-post","status-publish","format-standard","has-post-thumbnail","hentry","category-informe-municipal","tag-santa-fe"],"_links":{"self":[{"href":"http:\/\/argentinamunicipal.com.ar\/argentina\/wp-json\/wp\/v2\/posts\/74042","targetHints":{"allow":["GET"]}}],"collection":[{"href":"http:\/\/argentinamunicipal.com.ar\/argentina\/wp-json\/wp\/v2\/posts"}],"about":[{"href":"http:\/\/argentinamunicipal.com.ar\/argentina\/wp-json\/wp\/v2\/types\/post"}],"author":[{"embeddable":true,"href":"http:\/\/argentinamunicipal.com.ar\/argentina\/wp-json\/wp\/v2\/users\/2"}],"replies":[{"embeddable":true,"href":"http:\/\/argentinamunicipal.com.ar\/argentina\/wp-json\/wp\/v2\/comments?post=74042"}],"version-history":[{"count":0,"href":"http:\/\/argentinamunicipal.com.ar\/argentina\/wp-json\/wp\/v2\/posts\/74042\/revisions"}],"wp:featuredmedia":[{"embeddable":true,"href":"http:\/\/argentinamunicipal.com.ar\/argentina\/wp-json\/wp\/v2\/media\/74043"}],"wp:attachment":[{"href":"http:\/\/argentinamunicipal.com.ar\/argentina\/wp-json\/wp\/v2\/media?parent=74042"}],"wp:term":[{"taxonomy":"category","embeddable":true,"href":"http:\/\/argentinamunicipal.com.ar\/argentina\/wp-json\/wp\/v2\/categories?post=74042"},{"taxonomy":"post_tag","embeddable":true,"href":"http:\/\/argentinamunicipal.com.ar\/argentina\/wp-json\/wp\/v2\/tags?post=74042"}],"curies":[{"name":"wp","href":"https:\/\/api.w.org\/{rel}","templated":true}]}}