{"id":74045,"date":"2018-03-12T05:47:39","date_gmt":"2018-03-12T08:47:39","guid":{"rendered":"http:\/\/argentinamunicipal.com.ar\/argentina\/?p=74045"},"modified":"2018-03-12T07:49:54","modified_gmt":"2018-03-12T10:49:54","slug":"gobierno-provincial-impulsa-obras-pavimento-municipios-comunas-santafesinas","status":"publish","type":"post","link":"http:\/\/argentinamunicipal.com.ar\/argentina\/gobierno-provincial-impulsa-obras-pavimento-municipios-comunas-santafesinas\/","title":{"rendered":"El gobierno provincial impulsa obras de pavimento para municipios y comunas santafesinas"},"content":{"rendered":"<p>Con el endeudamiento aprobado por la Legislatura se podr\u00e1n ejecutar m\u00e1s de 3 mil cuadras de pavimento, lo que impactar\u00e1 positivamente en cada rinc\u00f3n de la provincia. La ley se reglamentar\u00e1 en los pr\u00f3ximos d\u00edas.<\/p>\n<p>Municipios y comunas de la provincia de Santa Fe se beneficiar\u00e1n con obras de pavimento urbano luego de la aprobaci\u00f3n del proyecto de ley para el endeudamiento por 300 millones de d\u00f3lares que el gobernador Miguel Lifschitz elev\u00f3 a la legislatura provincial y ya tiene sanci\u00f3n definitiva.<\/p>\n<p>De esta manera, las 363 localidades del territorio santafesino podr\u00e1n acceder a obras que posibilitar\u00e1n la ampliaci\u00f3n de la red vial pavimentada, se contribuir\u00e1 a mejorar la calidad de vida de los vecinos frentistas, a aumentar la seguridad vial y se propender\u00e1 al desarrollo arm\u00f3nico de los ejidos urbanos.<\/p>\n<p>Lifschitz consider\u00f3 muy importante este proyecto ya que \u00absabemos que los gobiernos locales no siempre est\u00e1n en condiciones de afrontar con su propio presupuesto este tipo de emprendimientos, pero se trata de obras que mejoran la vida de los barrios en las grandes ciudades y de los pueblos del interior\u00bb. Asimismo, precis\u00f3 que \u00abla obra p\u00fablica es prioritaria para el desarrollo de la provincia\u00bb.<\/p>\n<p>El pr\u00e9stamo fue gestionado ante la Corporaci\u00f3n Financiera Internacional perteneciente al Grupo Banco Mundial y tendr\u00e1 como destino la infraestructura vial urbana de localidades de la provincia. Los recursos se distribuir\u00e1n en concepto de anticipo de la futura coparticipaci\u00f3n de recursos derivados del cobro de la acreencia de la Provincia de Santa Fe con el Estado Nacional resultante de los fallos de la\u00a0Corte Suprema de Justicia\u00a0de la Naci\u00f3n.<\/p>\n<p>\u00abEsta gesti\u00f3n que llev\u00f3 adelante el gobierno tiene como prioridad la necesidad de dar una r\u00e1pida respuesta a una problem\u00e1tica que es com\u00fan a todas las localidades de la provincia y surge como consecuencia de la imposibilidad de los municipios y comunas de haber cobrado la deuda que Naci\u00f3n tiene para con Santa Fe en el marco del fallo de la corte\u00bb, indic\u00f3 el ministro de Econom\u00eda provincial,\u00a0Gonzalo Saglione.<\/p>\n<p>El funcionario provincial valor\u00f3 la sanci\u00f3n del proyecto y explic\u00f3 que \u00abcon los 300 millones de d\u00f3lares que representar\u00edan algo mas de 6 mil millones de pesos, con un promedio de 2 millones de pesos por cuadra, podemos ejecutar mas de 3 mil cuadras en toda la provincia de Santa Fe\u00bb.<\/p>\n<p>Puntualmente, precis\u00f3: \u00abLa mitad del pr\u00e9stamo que nos autoriza la Legislatura con el Banco se va a asignar a todos los municipios y comunas, sin discriminaci\u00f3n, sobre la base del monto que a cada uno de ellos le corresponder\u00eda cobrar cuando el estado nacional pague la deuda que mantiene con nuestra provincia\u00bb. Y ampli\u00f3: \u00abTomamos el cr\u00e9dito, le adelantamos la suma que corresponde para que no tengan que esperar para disponer de los recursos, con la salvedad de que los fondos se aplicaran exclusivamente para obras de pavimento urbano y obras complementarias, una de las problem\u00e1ticas que aqueja a la mayor\u00eda de las provincias que tienen muchas cuadras de tierra sin pavimentar\u00bb, apunt\u00f3 el ministro aclarando que de la deuda que Naci\u00f3n mantiene con Santa Fe, el 13,43 por ciento corresponde a municipios y comunas y que la ley alcanzar\u00e1 a todas las localidades, de acuerdo a la proporci\u00f3n que cada una participa en la coparticipaci\u00f3n provincial de impuestos.<\/p>\n<p>Esta iniciativa se enmarca en la pol\u00edtica de impulsar el plan de inversi\u00f3n publica no s\u00f3lo a trav\u00e9s de inversiones provinciales sino facilitando la inversi\u00f3n de los gobiernos locales.<\/p>\n<p>\u00abNo solo nos focalizamos en ejecutar el plan de obra p\u00fablica mas ambicioso que se tiene conocimiento la historia de Santa Fe sino que a su vez potenciamos la capacidad de los municipios y comunas\u00bb, indic\u00f3 Saglione.<\/p>\n<p>El ministro Saglione adelant\u00f3 que la transferencia a los municipios y comunas se realizar\u00e1 de acuerdo a la licitaci\u00f3n de las obras que se van a ejecutar y el avance de los trabajos. \u00abEn los pr\u00f3ximos d\u00edas se reglamentar\u00e1 la ley para que las localidades tengan toda la informaci\u00f3n y avanzar con las\u00a0licitaciones, previo a la aprobaci\u00f3n del proyecto\u00bb, sintetiz\u00f3.<\/p>\n<p><strong>Inversi\u00f3n hist\u00f3rica<\/strong><\/p>\n<p>El gobierno provincial lleva adelante el plan de obras p\u00fablicas m\u00e1s grande de la historia de la provincia. En este sentido, se implementaron diversas l\u00edneas de financiamiento para favorecer a las localidades. Un primer programa es Equipar Santa Fe, que le permiti\u00f3 a municipios y comunas, a trav\u00e9s del gobierno provincial, acceder a la compra de equipamiento 0km y que tuvo una primer etapa ejecutada en el 2017 y pr\u00f3ximamente se lanzar\u00e1 la segunda licitaci\u00f3n.<\/p>\n<p>\u00abSi bien el monto de los recursos financieros a los que podr\u00e1n acceder los municipios y comunas alcanzar\u00e1n para la ejecuci\u00f3n de obra de pavimento en una cantidad determinada de cuadras urbanas, la combinaci\u00f3n en forma articulada entre el presente instrumento y mecanismos de recupero que puedan implementar los municipios y comunas permitir\u00e1n consolidar un dispositivo estable cuya din\u00e1mica posibilitar\u00e1 dar una soluci\u00f3n definitiva y autosustentable a la demanda pendiente de pavimentaci\u00f3n de calles\u00bb, indic\u00f3 Saglione.<\/p>\n<h6>Fuente: Uno Santa Fe<\/h6>\n","protected":false},"excerpt":{"rendered":"<p>Con el endeudamiento aprobado por la Legislatura se podr\u00e1n ejecutar m\u00e1s de 3 mil cuadras de pavimento, lo que impactar\u00e1 positivamente en cada rinc\u00f3n de la provincia. La ley se reglamentar\u00e1 en los pr\u00f3ximos d\u00edas.<\/p>\n","protected":false},"author":2,"featured_media":74046,"comment_status":"closed","ping_status":"closed","sticky":false,"template":"","format":"standard","meta":{"footnotes":""},"categories":[2],"tags":[10],"class_list":["post-74045","post","type-post","status-publish","format-standard","has-post-thumbnail","hentry","category-informe-municipal","tag-santa-fe"],"_links":{"self":[{"href":"http:\/\/argentinamunicipal.com.ar\/argentina\/wp-json\/wp\/v2\/posts\/74045","targetHints":{"allow":["GET"]}}],"collection":[{"href":"http:\/\/argentinamunicipal.com.ar\/argentina\/wp-json\/wp\/v2\/posts"}],"about":[{"href":"http:\/\/argentinamunicipal.com.ar\/argentina\/wp-json\/wp\/v2\/types\/post"}],"author":[{"embeddable":true,"href":"http:\/\/argentinamunicipal.com.ar\/argentina\/wp-json\/wp\/v2\/users\/2"}],"replies":[{"embeddable":true,"href":"http:\/\/argentinamunicipal.com.ar\/argentina\/wp-json\/wp\/v2\/comments?post=74045"}],"version-history":[{"count":0,"href":"http:\/\/argentinamunicipal.com.ar\/argentina\/wp-json\/wp\/v2\/posts\/74045\/revisions"}],"wp:featuredmedia":[{"embeddable":true,"href":"http:\/\/argentinamunicipal.com.ar\/argentina\/wp-json\/wp\/v2\/media\/74046"}],"wp:attachment":[{"href":"http:\/\/argentinamunicipal.com.ar\/argentina\/wp-json\/wp\/v2\/media?parent=74045"}],"wp:term":[{"taxonomy":"category","embeddable":true,"href":"http:\/\/argentinamunicipal.com.ar\/argentina\/wp-json\/wp\/v2\/categories?post=74045"},{"taxonomy":"post_tag","embeddable":true,"href":"http:\/\/argentinamunicipal.com.ar\/argentina\/wp-json\/wp\/v2\/tags?post=74045"}],"curies":[{"name":"wp","href":"https:\/\/api.w.org\/{rel}","templated":true}]}}