{"id":74079,"date":"2018-03-13T06:51:41","date_gmt":"2018-03-13T09:51:41","guid":{"rendered":"http:\/\/argentinamunicipal.com.ar\/argentina\/?p=74079"},"modified":"2018-03-13T06:51:41","modified_gmt":"2018-03-13T09:51:41","slug":"se-agrava-la-situacion-pami-jubilados-podrian-quedar-sin-medicamentos-partir-abril","status":"publish","type":"post","link":"http:\/\/argentinamunicipal.com.ar\/argentina\/se-agrava-la-situacion-pami-jubilados-podrian-quedar-sin-medicamentos-partir-abril\/","title":{"rendered":"Se agrava la situaci\u00f3n de PAMI: jubilados podr\u00edan quedar sin medicamentos a partir de abril"},"content":{"rendered":"<p>En pocos d\u00edas se termina el convenio con las farmacias. Desde el sector aseguran que, en medio de negociaciones entre el Gobierno y los laboratorios, a\u00fan no se conoce a cu\u00e1les medicamentos tendr\u00e1n acceso los jubilados a partir de abril.<\/p>\n<p>A pocos d\u00edas de que concluya el convenio de prestaci\u00f3n a los beneficiarios del PAMI, la provisi\u00f3n de medicamentos a los jubilados est\u00e1 en riesgo. Las\u00a0entidades que nuclean farmacias a nivel nacional y provincial alertaron sobre la\u00a0incertidumbre que generan las negociaciones entre el gobierno nacional y la industria farmac\u00e9utica, las cuales a\u00fan no obtuvieron \u00abresultados concretos\u00bb.<\/p>\n<p>A trav\u00e9s de un comunicado, desde el sector pusieron en duda la continuidad de esas negociaciones en la actualidad ya que afirmaron que \u00ablos mensajes que surgen de una parte y de la otra sobre su curso no son coincidentes\u00bb.<\/p>\n<p>Seg\u00fan confirmaron, los representantes de las farmacias mantuvieron reuniones con autoridades del PAMI, con funcionarios de la Vicejefatura de Gabinete y con componentes de la industria farmac\u00e9utica. Afirmaron que \u00ablas conclusiones de esos encuentros no pueden ser m\u00e1s desalentadoras\u00bb.<\/p>\n<p>Es que, seg\u00fan dijeron los farmac\u00e9uticos, no se conoce a cu\u00e1les medicamentos tendr\u00e1 acceso el jubilado a partir de abril, ni cu\u00e1nto ni en qu\u00e9 fecha pagar\u00e1 el PAMI las futuras prestaciones. Tampoco hay, se\u00f1alaron, certezas sobre qui\u00e9nes ser\u00e1n los prestadores ni se conocen las condiciones que se les plantean a las farmacias para seguir atendiendo el convenio, por lo que no se sabe cu\u00e1les farmacias seguir\u00e1n atendiendo.<\/p>\n<p>\u00abNo se conoce c\u00f3mo el PAMI se pondr\u00e1 al d\u00eda con la deuda que incluye el mes de diciembre, ni de qu\u00e9 manera se pagar\u00e1n los servicios y prestaciones de lo que va del 2018 una vez que el actual convenio finalice\u00bb, destacaron.<\/p>\n<p>\u00abDemasiadas inc\u00f3gnitas para un convenio que termina en 20 d\u00edas y provee de medicamentos a los 5 millones de argentinos con mayor demanda de atenci\u00f3n sanitaria\u00bb, afirmaron y se\u00f1alaron que estos interrogantes \u00able est\u00e1n siendo retaceados a los jubilados bajo el manto de una promesa, ampliamente difundida por los medios, de reducir el gasto por parte del PAMI, pero sin indicar cu\u00e1les ser\u00edan las consecuencias concretas de ese ajuste en el acceso del jubilado a sus medicaciones\u00bb.<\/p>\n<p>Seg\u00fan se\u00f1alaron, \u00abhay una \u00fanica certeza en estas negociaciones, y es que se est\u00e1 preparando la escena para la irrupci\u00f3n plena y masiva en el convenio de los intereses econ\u00f3micos m\u00e1s poderosos y concentrados del sector\u00bb<\/p>\n<h6>Fuente: InfoCielo<\/h6>\n","protected":false},"excerpt":{"rendered":"<p>En pocos d\u00edas se termina el convenio con las farmacias. Desde el sector aseguran que, en medio de negociaciones entre el Gobierno y los laboratorios, a\u00fan no se conoce a cu\u00e1les medicamentos tendr\u00e1n acceso los jubilados a partir de abril.<\/p>\n","protected":false},"author":2,"featured_media":74080,"comment_status":"closed","ping_status":"closed","sticky":false,"template":"","format":"standard","meta":{"footnotes":""},"categories":[8],"tags":[21],"class_list":["post-74079","post","type-post","status-publish","format-standard","has-post-thumbnail","hentry","category-informe-nacional","tag-argentina"],"_links":{"self":[{"href":"http:\/\/argentinamunicipal.com.ar\/argentina\/wp-json\/wp\/v2\/posts\/74079","targetHints":{"allow":["GET"]}}],"collection":[{"href":"http:\/\/argentinamunicipal.com.ar\/argentina\/wp-json\/wp\/v2\/posts"}],"about":[{"href":"http:\/\/argentinamunicipal.com.ar\/argentina\/wp-json\/wp\/v2\/types\/post"}],"author":[{"embeddable":true,"href":"http:\/\/argentinamunicipal.com.ar\/argentina\/wp-json\/wp\/v2\/users\/2"}],"replies":[{"embeddable":true,"href":"http:\/\/argentinamunicipal.com.ar\/argentina\/wp-json\/wp\/v2\/comments?post=74079"}],"version-history":[{"count":0,"href":"http:\/\/argentinamunicipal.com.ar\/argentina\/wp-json\/wp\/v2\/posts\/74079\/revisions"}],"wp:featuredmedia":[{"embeddable":true,"href":"http:\/\/argentinamunicipal.com.ar\/argentina\/wp-json\/wp\/v2\/media\/74080"}],"wp:attachment":[{"href":"http:\/\/argentinamunicipal.com.ar\/argentina\/wp-json\/wp\/v2\/media?parent=74079"}],"wp:term":[{"taxonomy":"category","embeddable":true,"href":"http:\/\/argentinamunicipal.com.ar\/argentina\/wp-json\/wp\/v2\/categories?post=74079"},{"taxonomy":"post_tag","embeddable":true,"href":"http:\/\/argentinamunicipal.com.ar\/argentina\/wp-json\/wp\/v2\/tags?post=74079"}],"curies":[{"name":"wp","href":"https:\/\/api.w.org\/{rel}","templated":true}]}}