{"id":74085,"date":"2018-03-13T06:57:14","date_gmt":"2018-03-13T09:57:14","guid":{"rendered":"http:\/\/argentinamunicipal.com.ar\/argentina\/?p=74085"},"modified":"2018-03-13T06:57:14","modified_gmt":"2018-03-13T09:57:14","slug":"sin-soluciones-la-pelea-sea-invisible","status":"publish","type":"post","link":"http:\/\/argentinamunicipal.com.ar\/argentina\/sin-soluciones-la-pelea-sea-invisible\/","title":{"rendered":"Sin soluciones, que la pelea sea invisible"},"content":{"rendered":"<p>La cumbre entre el Gobierno y la UIA arroj\u00f3 pocas novedades. Las autoridades ofrecieron analizar la situaci\u00f3n de las industrias en mesas sectoriales. \u201cLa reuni\u00f3n fue pol\u00edtica y estuvo digitada por Pe\u00f1a\u201d, dijeron los empresarios.<\/p>\n<p>El Gobierno recibi\u00f3 ayer a la c\u00fapula de la Uni\u00f3n Industrial Argentina para bajar los decibeles de la semana pasada. El resultado fue al estilo Cambiemos, con buena onda aunque las cuestiones de fondo sigan en el terreno de lo invisible: el Gobierno habla de la mejora generalizada econ\u00f3mica pero los industriales (por lo bajo) lo contradicen y no hay medidas contundentes de pol\u00edtica que permitan a la manufactura competir frente al negocio financiero, la vedette del macrismo. Se espera que los cruces medi\u00e1ticos se enfr\u00eden, aunque cuadros intermedios de la central fabril dicen que no van a aflojar con las cr\u00edticas al oficialismo.<\/p>\n<p>Por el lado de la UIA, asistieron al encuentro en Casa Rosada el presidente Miguel Acevedo, quien proviene de Aceitera General Deheza, junto a los vicepresidentes Luis Betnaza (Techint) y Daniel Funes de Rioja (Copal-alimentos). Fueron recibidos por el jefe de Gabinete, Marcos Pe\u00f1a; el ministro de Producci\u00f3n, Francisco Cabrera; el jefe de asesores de la secretar\u00eda de Industria, Fernando Grasso, y Mat\u00edas Garc\u00eda Oliver, Subsecretario de Asuntos Institucionales dependiente de la Jefatura de Gabinete. Por el lado del Gobierno tambi\u00e9n hay experiencia en el rubro empresarial: la familia de Marcos Pe\u00f1a es due\u00f1a del supermercado La An\u00f3nima; Cabrera se desempe\u00f1\u00f3 en la AFJP M\u00e1xima, Grupo Roberts y el HSBC entre otros; Garc\u00eda Oliver viene de DirecTV y Grasso de Adimra, la c\u00e1mara metal\u00fargica.<\/p>\n<p>\u201cLa reuni\u00f3n fue pol\u00edtica y estuvo digitada por Marcos Pe\u00f1a\u201d, coinciden las fuentes consultadas. El eje del encuentro fue el pedido del Gobierno para que las cr\u00edticas de la entidad no salgan a la luz y en cambio se manejen por privado. Adem\u00e1s, Pe\u00f1a les dijo que en el Gobierno esperaban m\u00e1s apoyo de los empresarios frente a la reforma laboral y en las disputas pol\u00edticas contra el sindicalismo, especialmente frente a Hugo Moyano.<\/p>\n<p>El affaire con la UIA surgi\u00f3 d\u00edas atr\u00e1s luego de la primera reuni\u00f3n de comit\u00e9 del a\u00f1o, desde donde salieron cr\u00edticas a la pol\u00edtica econ\u00f3mica oficial. En respuesta, Cabrera pidi\u00f3 p\u00fablicamente a los empresarios que \u201cdejen de llorar y p\u00f3nganse a invertir\u201d, lo cual despert\u00f3 el apoyo expl\u00edcito del presidente Mauricio Macri. La UIA contraatac\u00f3 por los medios.<\/p>\n<p>En la reuni\u00f3n de ayer, Acevedo repiti\u00f3 que por m\u00e1s sinton\u00eda personal que haya entre el Gobierno y los empresarios, las reuniones en la UIA son numerosas y asisten dirigentes de todas las c\u00e1maras y regiones del pa\u00eds y dej\u00f3 entrever que no tiene la capacidad para contener todos los reclamos hacia el Gobierno que existen en el interior de la central fabril. Acevedo llev\u00f3 una carpeta con algunos n\u00fameros. El indicador industrial de la entidad registr\u00f3 en 2017 una suba del 1 por ciento que qued\u00f3 lejos de compensar la merma del 4,9 por ciento registrada en 2016. El planteo de la UIA es que la manufactura presenta tres velocidades. En la delantera est\u00e1n los rubros asociados a la construcci\u00f3n, como los minerales no met\u00e1licos y la industria sider\u00fargica. En el medio, los que siguen en la misma l\u00ednea que en 2016, como es el caso de la industria qu\u00edmica, metalmec\u00e1nica, alimentos y bebidas, automotriz y edici\u00f3n e impresi\u00f3n. En terreno negativo siguen operando el sector textil y calzado. En noviembre del a\u00f1o pasado hab\u00eda 66.275 puestos formales menos que en el mismo mes de 2015.<\/p>\n<p>La descripci\u00f3n de Cabrera es muy distinta. \u201cEl a\u00f1o pasado la econom\u00eda creci\u00f3 y este 2018 va a seguir creciendo. La producci\u00f3n automotriz va a crecer 20 por ciento este a\u00f1o, hay records de venta de autos y motos, la producci\u00f3n de cemento est\u00e1 en su m\u00e1ximo hist\u00f3rico, sube la venta de asfalto, hierro, placas de yeso, ladrillos. Crece la producci\u00f3n de acero, aluminio y metalmec\u00e1nica, turismo, agro, carne, energ\u00eda y las exportaciones de servicios basados en conocimiento\u201d, dijo el ministro.<\/p>\n<p>De la reuni\u00f3n apenas surgi\u00f3 la idea de seguir el \u201ctrabajo en mesas sectoriales para ver donde podemos crear valor y ayudar a las pymes a crecer en el mercado interno y el externo\u201d, dijo Acevedo. Pe\u00f1a mencion\u00f3 el ejemplo de la cadena de valor de muebles, Vaca Muerta y el calzado y quiso entusiasmar a los empresarios al anticipar que Macri podr\u00eda asistir a las mesas de competitidad. \u201cSe habl\u00f3 tambi\u00e9n de buscar y recuperar mercados en el exterior, algo que no se hace de un d\u00eda para el otro\u201d, agreg\u00f3 Acevedo. Al t\u00e9rmino del encuentro, el jefe de la UIA fue consultado por la suba del d\u00f3lar en las \u00faltimas semanas y se\u00f1al\u00f3 que \u201cno es un problema el nivel del tipo de cambio sino la previsibilidad que pueda dar el Gobierno sobre el valor del d\u00f3lar\u201d. Los industriales mostraron tambi\u00e9n su apoyo al \u201cproceso de reestructuraci\u00f3n \u2013vale decir, ajuste\u2013 en el Inti y el Senasa\u201d. La relaci\u00f3n entre los industriales y el Ejecutivo se va a distender a corto plazo. Sin embargo, las segundas l\u00edneas de la UIA advert\u00edan que es probable que la dif\u00edcil situaci\u00f3n de las ventas internas ante la posibilidad de que vuelva a caer el salario real, el ingreso de importaciones de bienes de consumo, las altas tasas de inter\u00e9s y la suba de costos por tarifas y d\u00f3lar vuelvan a agitar las aguas en la central fabril.<\/p>\n<h6>Fuente: P\u00e1gina 12<\/h6>\n","protected":false},"excerpt":{"rendered":"<p>La cumbre entre el Gobierno y la UIA arroj\u00f3 pocas novedades. Las autoridades ofrecieron analizar la situaci\u00f3n de las industrias en mesas sectoriales. \u201cLa reuni\u00f3n fue pol\u00edtica y estuvo digitada por Pe\u00f1a\u201d, dijeron los empresarios.<\/p>\n","protected":false},"author":2,"featured_media":74086,"comment_status":"closed","ping_status":"closed","sticky":false,"template":"","format":"standard","meta":{"footnotes":""},"categories":[8],"tags":[21],"class_list":["post-74085","post","type-post","status-publish","format-standard","has-post-thumbnail","hentry","category-informe-nacional","tag-argentina"],"_links":{"self":[{"href":"http:\/\/argentinamunicipal.com.ar\/argentina\/wp-json\/wp\/v2\/posts\/74085","targetHints":{"allow":["GET"]}}],"collection":[{"href":"http:\/\/argentinamunicipal.com.ar\/argentina\/wp-json\/wp\/v2\/posts"}],"about":[{"href":"http:\/\/argentinamunicipal.com.ar\/argentina\/wp-json\/wp\/v2\/types\/post"}],"author":[{"embeddable":true,"href":"http:\/\/argentinamunicipal.com.ar\/argentina\/wp-json\/wp\/v2\/users\/2"}],"replies":[{"embeddable":true,"href":"http:\/\/argentinamunicipal.com.ar\/argentina\/wp-json\/wp\/v2\/comments?post=74085"}],"version-history":[{"count":0,"href":"http:\/\/argentinamunicipal.com.ar\/argentina\/wp-json\/wp\/v2\/posts\/74085\/revisions"}],"wp:featuredmedia":[{"embeddable":true,"href":"http:\/\/argentinamunicipal.com.ar\/argentina\/wp-json\/wp\/v2\/media\/74086"}],"wp:attachment":[{"href":"http:\/\/argentinamunicipal.com.ar\/argentina\/wp-json\/wp\/v2\/media?parent=74085"}],"wp:term":[{"taxonomy":"category","embeddable":true,"href":"http:\/\/argentinamunicipal.com.ar\/argentina\/wp-json\/wp\/v2\/categories?post=74085"},{"taxonomy":"post_tag","embeddable":true,"href":"http:\/\/argentinamunicipal.com.ar\/argentina\/wp-json\/wp\/v2\/tags?post=74085"}],"curies":[{"name":"wp","href":"https:\/\/api.w.org\/{rel}","templated":true}]}}