{"id":74103,"date":"2018-03-13T06:23:56","date_gmt":"2018-03-13T09:23:56","guid":{"rendered":"http:\/\/argentinamunicipal.com.ar\/argentina\/?p=74103"},"modified":"2018-03-13T07:26:03","modified_gmt":"2018-03-13T10:26:03","slug":"la-intendencia-rufino-sugiere-no-se-abone-la-luz","status":"publish","type":"post","link":"http:\/\/argentinamunicipal.com.ar\/argentina\/la-intendencia-rufino-sugiere-no-se-abone-la-luz\/","title":{"rendered":"La Intendencia de Rufino sugiere que no se abone la luz"},"content":{"rendered":"<p>Se afirma que es \u00abileg\u00edtimo\u00bb el aumento del 8,5 por ciento en la factura el\u00e9ctrica que la Cooperativa aplic\u00f3 a los usuarios domiciliarios<\/p>\n<p>La Municipalidad de Rufino, cuyo mandatario es el macrista Abel Latanzi, calific\u00f3 de \u00abileg\u00edtimo\u00bb el aumento del 8,5 por ciento en la tarifa el\u00e9ctrica, que la Cooperativa aplic\u00f3 sobre las facturas reci\u00e9n distribuidas como consecuencia de la quita de subsidios nacionales. Por ello llam\u00f3 a los ciudadanos a no pagar ese aumento y estall\u00f3 la pol\u00e9mica en la ciudad.El comunicado oficial sostiene que \u00abel aumento fue \u00abunilateral y sin consulta previa al ente concedente (este municipio). La Municipalidad de Rufino califica la decisi\u00f3n como ileg\u00edtima y violatoria al contrato de concesi\u00f3n y le sugiere a los vecinos\/socios que no abonen esta \u00faltima factura ya que no hubo pedido de autorizaci\u00f3n\u00bb.<\/p>\n<p>Asimismo desde el Ejecutivo analizan realizar acciones legales contra la cooperativa proveedora de energ\u00eda el\u00e9ctrica.<\/p>\n<p>Cruces y vueltas de tuercas<\/p>\n<p>En medios de esa ciudad, el presidente de la Cooperativa El\u00e9ctrica Luis Uran y el jefe de Gabinete, Arturo Patimo, le dieron otra vuelta de tuerca al conflicto entre ambas instituciones. Uran, en di\u00e1logo con el periodista Alejandro Albornoz, mencion\u00f3 que la Municipalidad debe una factura de 105 mil pesos del a\u00f1o 2016, por luminarias que la Cooperativa instal\u00f3 en el Parque municipal.<\/p>\n<p>Ur\u00e1n mencion\u00f3 esa factura como ejemplo de eficiencia administrativa, ya que \u00abla Municipalidad nos acusa de no administrar correctamente\u00bb. La respuesta de Patimo fue tajante, desmintiendo al presidente del consejo de administraci\u00f3n cooperativista.<\/p>\n<p>Recurso de amparo<\/p>\n<p>Tras la decisi\u00f3n de Abel Latanzi en la que sugiere a los asociados no abonar la factura de luz, porque llega con un incremento del 8,5 por ciento que se aplic\u00f3 directamente por quita de subsidios nacionales, desde la Cooperativa sostienen que ese pedido no tiene eco en la poblaci\u00f3n que normalmente est\u00e1 abonando la factura pese a que la Municipalidad present\u00f3 un recurso de amparo en la Justicia a pesar de que en la Cooperativa informaron que la instituci\u00f3n no fue notificada a\u00fan de esa medida judicial.<\/p>\n<p>La pol\u00e9mica se traslad\u00f3 al \u00e1mbito pol\u00edtico y el partido justicialista emiti\u00f3 un comunicado contra la decisi\u00f3n municipal tomada por el intendente del PRO, Latanzi. All\u00ed expresan \u00absu profunda preocupaci\u00f3n y rechazo, a la actitud asumida por Latanzi ante la Cooperativa El\u00e9ctrica, \u00absugiriendo\u00bb a los asociados que no abonen la factura de luz, porque esta llega con un aumento provocado por la quita de subsidios del gobierno nacional\u00bb.<\/p>\n<p>Agrega la misiva que \u00abel intento de desfinanciarla y herirla econ\u00f3micamente, no contribuye en nada a solucionar el problema de los aumentos tarifarios, sino que lo agrava. Ya que confunde el origen del problema, que no est\u00e1 en nuestra ciudad, sino en las decisiones de un gobierno nacional que privilegia los intereses de las empresas energ\u00e9ticas por encima del inter\u00e9s general. Esto fue comprendido por los rufinenses, que con madurez no acataron la \u00absugerencia\u00bb municipal\u00bb.<\/p>\n<p>Empresas triplican ganancias<\/p>\n<p>El texto agrega: \u00abTambi\u00e9n le recordamos al intendente que, mientras \u00e9l intenta perjudicar a nuestra Cooperativa, las empresas que se dedican a la generaci\u00f3n y transporte de electricidad, verdaderas beneficiarias de los aumentos de tarifas, multiplican sus ganancias a costa de los usuarios y las peque\u00f1as distribuidoras como la Cooperativa. Vaya como ejemplo la transportadora de electricidad Transener, que en 2017 triplic\u00f3 sus ganancias, subi\u00f3 su patrimonio neto en un 36 por ciento y sus acciones aumentaron un 123 por ciento\u00bb.<\/p>\n<p>Adem\u00e1s se detalla que \u00abTransener es controlada por un amigo del presidente Mauricio Macri, el empresario Marcelo Mindlin (tambi\u00e9n due\u00f1o de Edenor), comprador de la constructora Iecsa que la familia de Macri vendi\u00f3 a Calcaterra y \u00e9ste a Mindlin\u00bb.<\/p>\n<p>Chicana pol\u00edtica<\/p>\n<p>A modo de chicana la misiva expresa: \u00abAnte esto, nos permitimos sugerirle a Latanzi que en alguno de sus tantos viajes a la Casa Rosada, y aprovechando su estrecha relaci\u00f3n con el gobierno nacional, le transmita la dif\u00edcil situaci\u00f3n que atraviesan los usuarios y cooperativas como consecuencia del retiro de los subsidios nacionales, y el v\u00eda libre a la voracidad de las grandes empresas que controlan el mercado el\u00e9ctrico\u00bb.<\/p>\n<p>Y se acota: \u00abTambi\u00e9n sugerimos que reflexione sobre sus decisiones, y tenga en cuenta que Municipalidad y Cooperativa deber\u00edan trabajar en conjunto para afrontar las consecuencias de los incrementos tarifarios. Trabajo conjunto que requiere m\u00e1s del respeto mutuo y el fortalecimiento de ambas instituciones, que del af\u00e1n destructivo cuyo resultado es confundir el verdadero origen de los problemas\u00bb.<\/p>\n<h6>Fuente: La Capital Rosario<\/h6>\n","protected":false},"excerpt":{"rendered":"<p>Se afirma que es \u00abileg\u00edtimo\u00bb el aumento del 8,5 por ciento en la factura el\u00e9ctrica que la Cooperativa aplic\u00f3 a los usuarios domiciliarios<\/p>\n","protected":false},"author":2,"featured_media":74104,"comment_status":"closed","ping_status":"closed","sticky":false,"template":"","format":"standard","meta":{"footnotes":""},"categories":[2],"tags":[10],"class_list":["post-74103","post","type-post","status-publish","format-standard","has-post-thumbnail","hentry","category-informe-municipal","tag-santa-fe"],"_links":{"self":[{"href":"http:\/\/argentinamunicipal.com.ar\/argentina\/wp-json\/wp\/v2\/posts\/74103","targetHints":{"allow":["GET"]}}],"collection":[{"href":"http:\/\/argentinamunicipal.com.ar\/argentina\/wp-json\/wp\/v2\/posts"}],"about":[{"href":"http:\/\/argentinamunicipal.com.ar\/argentina\/wp-json\/wp\/v2\/types\/post"}],"author":[{"embeddable":true,"href":"http:\/\/argentinamunicipal.com.ar\/argentina\/wp-json\/wp\/v2\/users\/2"}],"replies":[{"embeddable":true,"href":"http:\/\/argentinamunicipal.com.ar\/argentina\/wp-json\/wp\/v2\/comments?post=74103"}],"version-history":[{"count":0,"href":"http:\/\/argentinamunicipal.com.ar\/argentina\/wp-json\/wp\/v2\/posts\/74103\/revisions"}],"wp:featuredmedia":[{"embeddable":true,"href":"http:\/\/argentinamunicipal.com.ar\/argentina\/wp-json\/wp\/v2\/media\/74104"}],"wp:attachment":[{"href":"http:\/\/argentinamunicipal.com.ar\/argentina\/wp-json\/wp\/v2\/media?parent=74103"}],"wp:term":[{"taxonomy":"category","embeddable":true,"href":"http:\/\/argentinamunicipal.com.ar\/argentina\/wp-json\/wp\/v2\/categories?post=74103"},{"taxonomy":"post_tag","embeddable":true,"href":"http:\/\/argentinamunicipal.com.ar\/argentina\/wp-json\/wp\/v2\/tags?post=74103"}],"curies":[{"name":"wp","href":"https:\/\/api.w.org\/{rel}","templated":true}]}}