{"id":74148,"date":"2018-03-14T07:20:49","date_gmt":"2018-03-14T10:20:49","guid":{"rendered":"http:\/\/argentinamunicipal.com.ar\/argentina\/?p=74148"},"modified":"2018-03-14T07:20:49","modified_gmt":"2018-03-14T10:20:49","slug":"gobierno-la-uia-hicieron-las-paces-dejaron-afuera-las-pequenas-empresas","status":"publish","type":"post","link":"http:\/\/argentinamunicipal.com.ar\/argentina\/gobierno-la-uia-hicieron-las-paces-dejaron-afuera-las-pequenas-empresas\/","title":{"rendered":"El Gobierno y la UIA hicieron las paces, pero dejaron afuera a las peque\u00f1as empresas"},"content":{"rendered":"<p>Tras la escalada de la \u00faltima semana, representantes de la UIA se reunieron con Marcos Pe\u00f1a y firmaron la paz. Se comprometieron a profundizar el trabajo en conjunto y negaron la crisis. El sector PYME se quej\u00f3 por haber quedado afuera.<\/p>\n<p>Tras una semana de declaraciones que reflejaron un incremento de la tensi\u00f3n,\u00a0la Uni\u00f3n Industrial y el Gobierno de Mauricio Macri se sentaron ayer en una mesa a limar asperezas. Seg\u00fan comunic\u00f3 la propia UIA, del encuentro que capitane\u00f3 Marcos Pe\u00f1a, Jefe de Gabinete, se pas\u00f3 en limpio el abordaje de temas como la\u00a0Ley de \u201cFinanciamiento Productivo\u201d y el r\u00e9gimen de \u201cCompre Argentino y Desarrollo de Proveedores Nacionales\u201d.<\/p>\n<p>Adem\u00e1s de Pe\u00f1a participaron Miguel Acevedo, junto a los vicepresidentes Luis Betnaza y Daniel Funes de Rioja, frente al ministro de Producci\u00f3n, Francisco Cabrera, autor de la ya c\u00e9lebre frase que mand\u00f3 a los industriales a \u00abinvertir\u00bb en lugar de \u00abllorar\u00bb.<\/p>\n<p>Pero adem\u00e1s se anticip\u00f3 que\u00a0habr\u00e1 un trabajo conjunto en las mesas sectoriales \u201cpara analizar los pormenores de cada cadena de valor y entender las dificultades que tienen\u201d. La UIA consider\u00f3 \u201cclave\u201d el trabajo coordinado \u201cporque somos un sector mayoritariamente pyme que presenta din\u00e1micas diferentes hacia su interior\u201d y celebr\u00f3 que equipos t\u00e9cnicos del sector y del Gobierno vayan a \u201cprofundizar el perfil t\u00e9cnico de la agenda. Un trabajo que requiere del monitoreo cotidiano para evaluar los diferentes niveles de impacto en la competitividad\u201d.<\/p>\n<p>Los que\u00a0no estuvieron de acuerdo fueron los Peque\u00f1os y Medianos Empresarios nucleados en APYME, que lanzaron un comunicado lapidario en el que\u00a0acusaron a la UIA de buscar \u201casegurar, como siempre lo han hecho, su m\u00e1xima rentabilidad a costa del resto de los sectores de la econom\u00eda\u201d.<\/p>\n<p>La organizaci\u00f3n presidida por Eduardo Fernandez advirti\u00f3 que el contexto econ\u00f3mico tiene como principal indicador \u201cel retroceso y el estancamiento de la industria local, con un promedio de 62% por ciento de utilizaci\u00f3n de la capacidad instalada, la ca\u00edda continua del mercado interno y un gigantesco d\u00e9ficit de la balanza comercial por la avalancha de productos importados de consumo final\u00a0e intermedios\u201d que afecta principalmente a las PYMES.<\/p>\n<p>Adem\u00e1s, habl\u00f3 de \u201cahogo financiero y fiscal, falta de acceso y encarecimiento del cr\u00e9dito aumento desproporcionado de tarifas,\u00a0 invasi\u00f3n de productos extranjeros,\u00a0 ca\u00edda en las\u00a0 ventas\u00a0 e incremento de costos por la alta inflaci\u00f3n y las tendencias alcistas del d\u00f3lar\u201d, razones por lo cual, dijo, \u201cel sector de las Pymes est\u00e1 en emergencia\u201d.<\/p>\n<h6>Fuente: InfoCielo<\/h6>\n","protected":false},"excerpt":{"rendered":"<p>Tras la escalada de la \u00faltima semana, representantes de la UIA se reunieron con Marcos Pe\u00f1a y firmaron la paz. Se comprometieron a profundizar el trabajo en conjunto y negaron la crisis. El sector PYME se quej\u00f3 por haber quedado afuera.<\/p>\n","protected":false},"author":2,"featured_media":74149,"comment_status":"closed","ping_status":"closed","sticky":false,"template":"","format":"standard","meta":{"footnotes":""},"categories":[8],"tags":[21],"class_list":["post-74148","post","type-post","status-publish","format-standard","has-post-thumbnail","hentry","category-informe-nacional","tag-argentina"],"_links":{"self":[{"href":"http:\/\/argentinamunicipal.com.ar\/argentina\/wp-json\/wp\/v2\/posts\/74148","targetHints":{"allow":["GET"]}}],"collection":[{"href":"http:\/\/argentinamunicipal.com.ar\/argentina\/wp-json\/wp\/v2\/posts"}],"about":[{"href":"http:\/\/argentinamunicipal.com.ar\/argentina\/wp-json\/wp\/v2\/types\/post"}],"author":[{"embeddable":true,"href":"http:\/\/argentinamunicipal.com.ar\/argentina\/wp-json\/wp\/v2\/users\/2"}],"replies":[{"embeddable":true,"href":"http:\/\/argentinamunicipal.com.ar\/argentina\/wp-json\/wp\/v2\/comments?post=74148"}],"version-history":[{"count":0,"href":"http:\/\/argentinamunicipal.com.ar\/argentina\/wp-json\/wp\/v2\/posts\/74148\/revisions"}],"wp:featuredmedia":[{"embeddable":true,"href":"http:\/\/argentinamunicipal.com.ar\/argentina\/wp-json\/wp\/v2\/media\/74149"}],"wp:attachment":[{"href":"http:\/\/argentinamunicipal.com.ar\/argentina\/wp-json\/wp\/v2\/media?parent=74148"}],"wp:term":[{"taxonomy":"category","embeddable":true,"href":"http:\/\/argentinamunicipal.com.ar\/argentina\/wp-json\/wp\/v2\/categories?post=74148"},{"taxonomy":"post_tag","embeddable":true,"href":"http:\/\/argentinamunicipal.com.ar\/argentina\/wp-json\/wp\/v2\/tags?post=74148"}],"curies":[{"name":"wp","href":"https:\/\/api.w.org\/{rel}","templated":true}]}}