{"id":74222,"date":"2018-03-15T07:03:05","date_gmt":"2018-03-15T10:03:05","guid":{"rendered":"http:\/\/argentinamunicipal.com.ar\/argentina\/?p=74222"},"modified":"2018-03-15T07:03:05","modified_gmt":"2018-03-15T10:03:05","slug":"le-crei-no-cumplio-la-respuesta-se-repite-la-encuesta-inquieta-al-macrismo","status":"publish","type":"post","link":"http:\/\/argentinamunicipal.com.ar\/argentina\/le-crei-no-cumplio-la-respuesta-se-repite-la-encuesta-inquieta-al-macrismo\/","title":{"rendered":"\u00abLe cre\u00ed, pero no cumpli\u00f3\u00bb: la respuesta que se repite en la encuesta que inquieta al macrismo"},"content":{"rendered":"<p>Dos sondeos culminados y difundidos en estas semanas marcan la ca\u00edda en la imagen tanto del Presidente como de la gobernadora Vidal. Los n\u00fameros y los motivos.<\/p>\n<p>Si las elecciones presidenciales fueran hoy,\u00a0apenas el 31,7% de los ciudadanos habilitados para votar lo har\u00edan por el actual mandatario,\u00a0Mauricio Macri. En cambio, 53,1% de los consultados respondieron que no lo har\u00eda, mientras un 15,1% no tiene posici\u00f3n definida.<\/p>\n<p>As\u00ed se desprende de los resultados de una encuesta de Ra\u00fal Arag\u00f3n y Asociados. Entre los motivos del rechazo al jefe de Estado, se destaca un\u00a017,8 % (del total de la muestra)\u00a0que no lo votar\u00eda porque \u201cantes le cre\u00ed, pero no cumpli\u00f3\u201d, seg\u00fan el el estudio realizado sobre un muestreo de 2873 casos efectivos.<\/p>\n<p>Por otra parte, un total del\u00a057,9 % de los consultados consider\u00f3 que Macri beneficia a los ricos\u00a0y a las empresas, mientras que tan solo el 6,3 % cree que su Ejecutivo beneficia a los pobres y a los trabajadores.<\/p>\n<p>Imagen en ca\u00edda libre<br \/>\nEn tanto, la consultora Opina Argentina realiz\u00f3 un sondeo acerca de la imagen de los principales dirigentes, y\u00a0las ca\u00eddas registradas en este \u00faltimo tiempo son alarmantes\u00a0para el oficialismo.<\/p>\n<p>Macri tiene en la actualidad 44% de imagen positiva y 56% de imagen negativa.Los n\u00famero de Vidal no son todav\u00eda tan preocupantes como los de su jefe pol\u00edtico, ya que su imagen positiva (53%) supera a la negativa (43%). Sin embargo,\u00a0al comparar esos n\u00fameros con lo que suced\u00eda hace un a\u00f1o, se nota el descenso, ya que en ese entonces la diferencia era de 69% (positiva) a 19% (negativa).<\/p>\n<p>Estos n\u00fameros surgen de una encuesta telef\u00f3nica realizada\u00a0entre el 23 y el 26 febrero sobre 1100 casos\u00a0en Capital, GBA, C\u00f3rdoba, Rosario, Mendoza, Tucum\u00e1n, Mar del Plata, San Juan, Neuqu\u00e9n, Resistencia, R\u00edo Cuarto, San Rafael, Concordia, Rafaela, General Roca, Crespo (Eentre R\u00edos), Rivadavia, Monte Hermoso, San Pedro (Misiones), Tres Lomas (Buenos Aires) La Uni\u00f3n (Salta) y Tolhuin ( Tierra del Fuego).<\/p>\n<h6>Fuente: InfoNews<\/h6>\n","protected":false},"excerpt":{"rendered":"<p>Dos sondeos culminados y difundidos en estas semanas marcan la ca\u00edda en la imagen tanto del Presidente como de la gobernadora Vidal. Los n\u00fameros y los motivos.<\/p>\n","protected":false},"author":2,"featured_media":74223,"comment_status":"closed","ping_status":"closed","sticky":false,"template":"","format":"standard","meta":{"footnotes":""},"categories":[8],"tags":[21],"class_list":["post-74222","post","type-post","status-publish","format-standard","has-post-thumbnail","hentry","category-informe-nacional","tag-argentina"],"_links":{"self":[{"href":"http:\/\/argentinamunicipal.com.ar\/argentina\/wp-json\/wp\/v2\/posts\/74222","targetHints":{"allow":["GET"]}}],"collection":[{"href":"http:\/\/argentinamunicipal.com.ar\/argentina\/wp-json\/wp\/v2\/posts"}],"about":[{"href":"http:\/\/argentinamunicipal.com.ar\/argentina\/wp-json\/wp\/v2\/types\/post"}],"author":[{"embeddable":true,"href":"http:\/\/argentinamunicipal.com.ar\/argentina\/wp-json\/wp\/v2\/users\/2"}],"replies":[{"embeddable":true,"href":"http:\/\/argentinamunicipal.com.ar\/argentina\/wp-json\/wp\/v2\/comments?post=74222"}],"version-history":[{"count":0,"href":"http:\/\/argentinamunicipal.com.ar\/argentina\/wp-json\/wp\/v2\/posts\/74222\/revisions"}],"wp:featuredmedia":[{"embeddable":true,"href":"http:\/\/argentinamunicipal.com.ar\/argentina\/wp-json\/wp\/v2\/media\/74223"}],"wp:attachment":[{"href":"http:\/\/argentinamunicipal.com.ar\/argentina\/wp-json\/wp\/v2\/media?parent=74222"}],"wp:term":[{"taxonomy":"category","embeddable":true,"href":"http:\/\/argentinamunicipal.com.ar\/argentina\/wp-json\/wp\/v2\/categories?post=74222"},{"taxonomy":"post_tag","embeddable":true,"href":"http:\/\/argentinamunicipal.com.ar\/argentina\/wp-json\/wp\/v2\/tags?post=74222"}],"curies":[{"name":"wp","href":"https:\/\/api.w.org\/{rel}","templated":true}]}}