{"id":74225,"date":"2018-03-15T06:03:21","date_gmt":"2018-03-15T09:03:21","guid":{"rendered":"http:\/\/argentinamunicipal.com.ar\/argentina\/?p=74225"},"modified":"2018-03-15T07:05:25","modified_gmt":"2018-03-15T10:05:25","slug":"nueva-jornada-protesta-abril","status":"publish","type":"post","link":"http:\/\/argentinamunicipal.com.ar\/argentina\/nueva-jornada-protesta-abril\/","title":{"rendered":"Nueva jornada de protesta en abril"},"content":{"rendered":"<p>El secretario adjunto de Camioneros, Pablo Moyano, acord\u00f3 ayer la realizaci\u00f3n de una nueva jornada de protesta contra el ajuste que se realizar\u00e1 el pr\u00f3ximo mes de abril. La decisi\u00f3n surgi\u00f3 tras la reuni\u00f3n que mantuvo en la sede de ATE Capital y se encuadra en el plan de lucha que se anunci\u00f3 durante la movilizaci\u00f3n del 21 de febrero pasado.<\/p>\n<p>Moyano lleg\u00f3 durante la ma\u00f1ana de ayer hasta la sede que ATE Capital tiene en el barrio porte\u00f1o de Monserrat y que conduce Daniel Catalano. Del c\u00f3nclave tambi\u00e9n participaron Eduardo L\u00f3pez (UTE), Vanesa Siley (Sitraju CABA), Roberto Pianelli (Agttsyp), Alejandra L\u00f3pez (Sadop Capital), Rafael Klejzer (CTEP Capital), Alejandro Gianni y Rodrigo Segovia (CTA de Todos)-<\/p>\n<p>\u201cLa idea de todos los gremios es analizar c\u00f3mo se desarrollan las negociaciones salariales. Si los gobiernos de la Naci\u00f3n y la Ciudad insisten con paritarias con aumentos del 12 por ciento que le quieren imponer a los docentes, vamos a impulsar acciones de protesta\u201d, asegur\u00f3 el secretario de organizaci\u00f3n de la Uni\u00f3n de Trabajadores de la Educaci\u00f3n (UTE), Esteban Sueyro.<\/p>\n<p>Durante el encuentro los dirigentes sindicales firmaron una declaraci\u00f3n en la que acompa\u00f1aron a los trabajadores cesanteados de la Secretar\u00eda de Integraci\u00f3n Social y Urbana, del Ministerio de Educaci\u00f3n y del Canal de la Ciudad de Buenos Aires. Tambi\u00e9n repudiaron \u201cel vaciamiento\u201d en diversos sectores del Estado porte\u00f1o y se comprometieron a accionar con sus gremios \u201cen unidad para defensa de los puestos de trabajo\u201d. Las organizaciones gremiales exigieron \u201cel cese de los despidos en el gobierno porte\u00f1o, la actualizaci\u00f3n de las asignaciones familiares, una soluci\u00f3n inmediata a la falta de vacantes en las escuelas de nivel inicial y la relocalizaci\u00f3n de la escuela cerrada en la Villa 31\u201d.<\/p>\n<p>La decisi\u00f3n de llevar adelante una protesta es la primera consecuencia del armado que Moyano hijo est\u00e1 realizando tras la marcha del 21F y de su retiro del Consejo Directivo de la CGT. Trascendi\u00f3 que poco despu\u00e9s del encuentro en ATE Capital, Pablo Moyano recibi\u00f3 un presente que le envi\u00f3 el papa Francisco, quien le hizo llegar a trav\u00e9s del titular de la Ong La Alameda, Gustavo Vera, un par de remeras \u201cfirmadas y bendecidas\u201d por el jefe de la Iglesia Cat\u00f3lica. Vera trajo las camisetas desde Roma luego de participar de un coloquio sobre trata de personas y no descart\u00f3 que la actitud del Papa est\u00e9 relacionada con el enfrentamiento que el sindicalista mantiene con el gobierno nacional.<\/p>\n<h6>Fuente: P\u00e1gina 12<\/h6>\n","protected":false},"excerpt":{"rendered":"<p>El secretario adjunto de Camioneros, Pablo Moyano, acord\u00f3 ayer la realizaci\u00f3n de una nueva jornada de protesta contra el ajuste que se realizar\u00e1 el pr\u00f3ximo mes de abril. <\/p>\n","protected":false},"author":2,"featured_media":74226,"comment_status":"closed","ping_status":"closed","sticky":false,"template":"","format":"standard","meta":{"footnotes":""},"categories":[8],"tags":[21],"class_list":["post-74225","post","type-post","status-publish","format-standard","has-post-thumbnail","hentry","category-informe-nacional","tag-argentina"],"_links":{"self":[{"href":"http:\/\/argentinamunicipal.com.ar\/argentina\/wp-json\/wp\/v2\/posts\/74225","targetHints":{"allow":["GET"]}}],"collection":[{"href":"http:\/\/argentinamunicipal.com.ar\/argentina\/wp-json\/wp\/v2\/posts"}],"about":[{"href":"http:\/\/argentinamunicipal.com.ar\/argentina\/wp-json\/wp\/v2\/types\/post"}],"author":[{"embeddable":true,"href":"http:\/\/argentinamunicipal.com.ar\/argentina\/wp-json\/wp\/v2\/users\/2"}],"replies":[{"embeddable":true,"href":"http:\/\/argentinamunicipal.com.ar\/argentina\/wp-json\/wp\/v2\/comments?post=74225"}],"version-history":[{"count":0,"href":"http:\/\/argentinamunicipal.com.ar\/argentina\/wp-json\/wp\/v2\/posts\/74225\/revisions"}],"wp:featuredmedia":[{"embeddable":true,"href":"http:\/\/argentinamunicipal.com.ar\/argentina\/wp-json\/wp\/v2\/media\/74226"}],"wp:attachment":[{"href":"http:\/\/argentinamunicipal.com.ar\/argentina\/wp-json\/wp\/v2\/media?parent=74225"}],"wp:term":[{"taxonomy":"category","embeddable":true,"href":"http:\/\/argentinamunicipal.com.ar\/argentina\/wp-json\/wp\/v2\/categories?post=74225"},{"taxonomy":"post_tag","embeddable":true,"href":"http:\/\/argentinamunicipal.com.ar\/argentina\/wp-json\/wp\/v2\/tags?post=74225"}],"curies":[{"name":"wp","href":"https:\/\/api.w.org\/{rel}","templated":true}]}}