{"id":74285,"date":"2018-03-16T07:32:04","date_gmt":"2018-03-16T10:32:04","guid":{"rendered":"http:\/\/argentinamunicipal.com.ar\/argentina\/?p=74285"},"modified":"2018-03-16T08:07:05","modified_gmt":"2018-03-16T11:07:05","slug":"lo-dejo-la-devaluacion","status":"publish","type":"post","link":"http:\/\/argentinamunicipal.com.ar\/argentina\/lo-dejo-la-devaluacion\/","title":{"rendered":"Lo que dej\u00f3 la devaluaci\u00f3n"},"content":{"rendered":"<p>El Indice de Precios Mayoristas de febrero fue de 4,8 por ciento, acumulando en el bimestre 9,6 por ciento. La suba del d\u00f3lar impact\u00f3 en productos nacionales e importados, que se trasladar\u00e1n a los precios minoristas en los pr\u00f3ximos meses.<\/p>\n<p>Los precios mayoristas volvieron a saltar en febrero un 4,8 por ciento, inform\u00f3 ayer el Indec, luego del avance del 4,6 por ciento que se registr\u00f3 en enero. El dato se conoci\u00f3 un d\u00eda despu\u00e9s del IPC para tratar de diluir la muy mala noticia del rebote inflacionario. A diferencia del mes previo, en febrero los precios mayoristas estuvieron traccionados por los productos nacionales en lugar de los importados, en particular, los agropecuarios, pesqueros, hidrocarburos y energ\u00eda el\u00e9ctrica. En el primer bimestre, los precios mayoristas, que est\u00e1n muy relacionados al d\u00f3lar, subieron 9,6 por ciento, lo cual suma presi\u00f3n a la inflaci\u00f3n minorista para los pr\u00f3ximos meses.<\/p>\n<p>Los precios mayoristas de los bienes producidos en el pa\u00eds subieron 4,9 por ciento mientras que los importados avanzaron 4,3 por ciento y la energ\u00eda el\u00e9ctrica lo hizo en un 7,3 por ciento. El empuje vino por el lado de los productos primarios, que subieron un 9,1 por ciento a partir del incremento del 14,1 por ciento en petr\u00f3leo crudo y gas; 7,9 por ciento en productos pesqueros y 4,5 por ciento en productos agropecuarios.<\/p>\n<p>La din\u00e1mica de los precios mayoristas est\u00e1 muy relacionada a la cotizaci\u00f3n del d\u00f3lar, que acumula en el a\u00f1o un alza de casi el 11 por ciento. La divisa no s\u00f3lo afecta al precio de los importados sino que tambi\u00e9n pesa sobre los nacionales. En particular, sobre los primarios que tienen alto grado de inserci\u00f3n en el mercado internacional, lo cual impone que el precio interno se mueva atado al d\u00f3lar.<\/p>\n<p>Los productos manufacturados subieron en febrero un 3,4 por ciento, en donde sobresalieron los productos met\u00e1licos (5,6 por ciento), insumos sider\u00fargicos (4,8), productos textiles (4,8), productos de caucho y pl\u00e1stico (4,1), refinados del petr\u00f3leo (4,7), m\u00e1quinas y aparatos el\u00e9ctricos (3,8) y autos, carrocer\u00edas y repuestos (3,5). La manufactura tambi\u00e9n tiene un fuerte componente atado al d\u00f3lar, tanto por los insumos importados como por la capacidad exportadora en algunos rubros \u2013la siderurgia\u2013 e incluso a partir de usos y costumbres en ciertos nichos.<\/p>\n<p>\u201cEntre las causas de la suba de los precios mayoristas est\u00e1 primero la devaluaci\u00f3n del peso y tambi\u00e9n el impacto en los costos de las subas tarifarias. Un dato llamativo es el incremento del petr\u00f3leo crudo y gas, en un 15,1 por ciento en enero y 14,1 por ciento ahora en febrero. Estos movimientos van a generar un nivel de inflaci\u00f3n alta para marzo y abril porque los precios mayoristas impactan en todos los procesos de producci\u00f3n y comercializaci\u00f3n\u201d, explic\u00f3 Santiago Fraschina, director de la Licenciatura en Econom\u00eda de la Universidad de Avellaneda (Undav).<\/p>\n<p>\u201cEra esperable un n\u00famero fuerte en febrero teniendo en cuenta que en los precios mayoristas hay una ponderaci\u00f3n m\u00e1s fuerte de bienes que en el Indice de Precios Minoristas, en donde pesan m\u00e1s los servicios. Dado que el movimiento del tipo de cambio impacta mucho m\u00e1s fuerte sobre los transables que sobre servicios, el \u00edndice mayorista registr\u00f3 esta situaci\u00f3n\u201d, analiz\u00f3 Mart\u00edn Vauthier, director de la consultora Eco Go.<\/p>\n<p>En el primer bimestre, los precios mayoristas subieron 9,6 por ciento traccionados por productos primarios (19,6), energ\u00eda el\u00e9ctrica (13,2) y productos importados (11,6). Los art\u00edculos manufacturados avanzaron un 6,2 por ciento, por debajo de la media aunque con mayor din\u00e1mica que los precios minoristas, que en ese per\u00edodo muestran una suba del 4,2. La comparaci\u00f3n anual arroja en febrero un alza del \u00edndice mayorista del 26,3 por ciento a partir de la energ\u00eda el\u00e9ctrica (77,4), productos primarios (35,4), importados (25,1) y manufacturas (22,5).<\/p>\n<p>A contramano de lo que sucedi\u00f3 durante los dos primeros meses de este a\u00f1o, en 2017 los precios mayoristas subieron un 18,8 por ciento, por debajo del 24,8 por ciento que marc\u00f3 la inflaci\u00f3n minorista medida por el Indec para ese per\u00edodo. La diferencia se explica porque en 2017 el d\u00f3lar subi\u00f3 17,2 por ciento, por debajo de la din\u00e1mica de los precios.<\/p>\n<h6>Fuente: p\u00e1gina 12<\/h6>\n","protected":false},"excerpt":{"rendered":"<p>El Indice de Precios Mayoristas de febrero fue de 4,8 por ciento, acumulando en el bimestre 9,6 por ciento. La suba del d\u00f3lar impact\u00f3 en productos nacionales e importados, que se trasladar\u00e1n a los precios minoristas en los pr\u00f3ximos meses.<\/p>\n","protected":false},"author":2,"featured_media":74313,"comment_status":"closed","ping_status":"closed","sticky":false,"template":"","format":"standard","meta":{"footnotes":""},"categories":[8],"tags":[21],"class_list":["post-74285","post","type-post","status-publish","format-standard","has-post-thumbnail","hentry","category-informe-nacional","tag-argentina"],"_links":{"self":[{"href":"http:\/\/argentinamunicipal.com.ar\/argentina\/wp-json\/wp\/v2\/posts\/74285","targetHints":{"allow":["GET"]}}],"collection":[{"href":"http:\/\/argentinamunicipal.com.ar\/argentina\/wp-json\/wp\/v2\/posts"}],"about":[{"href":"http:\/\/argentinamunicipal.com.ar\/argentina\/wp-json\/wp\/v2\/types\/post"}],"author":[{"embeddable":true,"href":"http:\/\/argentinamunicipal.com.ar\/argentina\/wp-json\/wp\/v2\/users\/2"}],"replies":[{"embeddable":true,"href":"http:\/\/argentinamunicipal.com.ar\/argentina\/wp-json\/wp\/v2\/comments?post=74285"}],"version-history":[{"count":0,"href":"http:\/\/argentinamunicipal.com.ar\/argentina\/wp-json\/wp\/v2\/posts\/74285\/revisions"}],"wp:featuredmedia":[{"embeddable":true,"href":"http:\/\/argentinamunicipal.com.ar\/argentina\/wp-json\/wp\/v2\/media\/74313"}],"wp:attachment":[{"href":"http:\/\/argentinamunicipal.com.ar\/argentina\/wp-json\/wp\/v2\/media?parent=74285"}],"wp:term":[{"taxonomy":"category","embeddable":true,"href":"http:\/\/argentinamunicipal.com.ar\/argentina\/wp-json\/wp\/v2\/categories?post=74285"},{"taxonomy":"post_tag","embeddable":true,"href":"http:\/\/argentinamunicipal.com.ar\/argentina\/wp-json\/wp\/v2\/tags?post=74285"}],"curies":[{"name":"wp","href":"https:\/\/api.w.org\/{rel}","templated":true}]}}