{"id":74288,"date":"2018-03-16T07:37:06","date_gmt":"2018-03-16T10:37:06","guid":{"rendered":"http:\/\/argentinamunicipal.com.ar\/argentina\/?p=74288"},"modified":"2018-03-16T07:37:06","modified_gmt":"2018-03-16T10:37:06","slug":"hasta-cuando-hasta-donde","status":"publish","type":"post","link":"http:\/\/argentinamunicipal.com.ar\/argentina\/hasta-cuando-hasta-donde\/","title":{"rendered":"\u00bfHasta cu\u00e1ndo? \u00bfHasta d\u00f3nde?"},"content":{"rendered":"<p>Me preguntaban en una radio de R\u00edo Grande si a pesar del empe\u00f1o de los medios hegem\u00f3nicos de invisibilizar denigrando, inventando falacias, a\u00fan quedan medios que nos dan espacio para explicar, difundir y concientizar. El caso es que me preguntaban si no ten\u00edamos miedo, \u00bfc\u00f3mo podemos vivir bajo tanto hostigamiento, amenazados constantemente por el poder pol\u00edtico y judicial? Habl\u00e9 del convencimiento, del compromiso en la defensa del territorio. De los consejos que nos dan nuestros mayores, que nuestra pena es su pena de antes, las que ellos tambi\u00e9n arrastran de sus padres y abuelos. Que en ellos nos apoyamos. Sin embargo no es tan sencillo, ahora mismo en territorio entraron cinco gendarmes, sin orden judicial, a hurtadillas como ladrones, como matones. \u00bfSer\u00e1n algunos de los estuvieron el 1 de agosto? \u00bfPor qu\u00e9 tanta impunidad? \u00bfC\u00f3mo se mantiene la calma, c\u00f3mo sobrevivir ante estos constantes atropellos? \u00bfProvocaci\u00f3n? Afuera en la ruta est\u00e1n las camionetas de Gendarmer\u00eda y Policia Federal, ellos son el poder, a ellos los ampara el principio de inocencia, respaldados por los gobiernos y empresarios que los usan para sus propios cr\u00edmenes. Esta noche (por anoche) no pude llegar al campo. Aunque ya est\u00e1n llegando\u00a0herman@s\u00a0y compa\u00f1er@s\u00a0sensibles que no le temen al miedo, que no creen en el aislamiento. Y en el mientras tanto cualquier cosa puede estar pasando. Como nos ha venido pasando. Por mapuche, por morochos, por ser pobres y atrevidos. \u00bfQu\u00e9 m\u00e1s quieren? Mataron a Santiago, mataron a Rafita, tienen a nuestro Lonko preso ilegalmente hace m\u00e1s de ocho meses, demuestran su poder\u00edo e impunidad impulsando el gatillo f\u00e1cil, matando pibes, robando y desapareciendo mujeres, quitando fuentes de trabajo, cerrando escuelas. \u00bfHasta d\u00f3nde, qu\u00e9 m\u00e1s tiene que pasar? \u00bfCu\u00e1ndo despertaremos nuestro conocimiento antiguo latente en las venas y la memoria que nos empodere, que nos muestre el camino de la uni\u00f3n? Ese camino que nos permita poner un l\u00edmite de una vez por todas a esta insana y oscura forma de vida. La que proponen los gobiernos, pero que no elegimos. Y mientras tanto me pregunto \u00bfc\u00f3mo estar\u00e1n mis lamien? \u00bfHabr\u00e1n entrado de nuevo? \u00bfDisparos? \u00bfSe han tenido que resguardar? As\u00ed y todo creo que somos capaces de defendernos, de elegir qu\u00e9 vida queremos para nosotros y nuestros hijos. Porque nos lo merecemos, aunque nos quieran hacer creer que no. Podemos ser libres de la opresi\u00f3n. Me lo dice el coraz\u00f3n, y en el latir de todos. Lo reflexiono porque prefiero pensar que en el territorio todo va a estar bien, que en el barrio los pibes est\u00e1n bien. Que ma\u00f1ana amanece y en el d\u00eda tambi\u00e9n una nueva oportunidad de cambiar lo impuesto. Y trabajar en ese merecimiento. Por la tierra, por nuestros ancestros y nuestros hijos. Y que en el campo este todo bien.<\/p>\n<p>Por\u00a0Soraya Maico\u00f1o<\/p>\n<p>Soraya Maico\u00f1o es vocera de la comunidad Pu Lof en Resistencia de Cushamen<\/p>\n<h6>Fuente: P\u00e1gina 12<\/h6>\n","protected":false},"excerpt":{"rendered":"<p>Me preguntaban en una radio de R\u00edo Grande si a pesar del empe\u00f1o de los medios hegem\u00f3nicos de invisibilizar denigrando, inventando falacias, a\u00fan quedan medios que nos dan espacio para explicar, difundir y concientizar.<\/p>\n","protected":false},"author":2,"featured_media":74289,"comment_status":"closed","ping_status":"closed","sticky":false,"template":"","format":"standard","meta":{"footnotes":""},"categories":[6],"tags":[21],"class_list":["post-74288","post","type-post","status-publish","format-standard","has-post-thumbnail","hentry","category-opiniones","tag-argentina"],"_links":{"self":[{"href":"http:\/\/argentinamunicipal.com.ar\/argentina\/wp-json\/wp\/v2\/posts\/74288","targetHints":{"allow":["GET"]}}],"collection":[{"href":"http:\/\/argentinamunicipal.com.ar\/argentina\/wp-json\/wp\/v2\/posts"}],"about":[{"href":"http:\/\/argentinamunicipal.com.ar\/argentina\/wp-json\/wp\/v2\/types\/post"}],"author":[{"embeddable":true,"href":"http:\/\/argentinamunicipal.com.ar\/argentina\/wp-json\/wp\/v2\/users\/2"}],"replies":[{"embeddable":true,"href":"http:\/\/argentinamunicipal.com.ar\/argentina\/wp-json\/wp\/v2\/comments?post=74288"}],"version-history":[{"count":0,"href":"http:\/\/argentinamunicipal.com.ar\/argentina\/wp-json\/wp\/v2\/posts\/74288\/revisions"}],"wp:featuredmedia":[{"embeddable":true,"href":"http:\/\/argentinamunicipal.com.ar\/argentina\/wp-json\/wp\/v2\/media\/74289"}],"wp:attachment":[{"href":"http:\/\/argentinamunicipal.com.ar\/argentina\/wp-json\/wp\/v2\/media?parent=74288"}],"wp:term":[{"taxonomy":"category","embeddable":true,"href":"http:\/\/argentinamunicipal.com.ar\/argentina\/wp-json\/wp\/v2\/categories?post=74288"},{"taxonomy":"post_tag","embeddable":true,"href":"http:\/\/argentinamunicipal.com.ar\/argentina\/wp-json\/wp\/v2\/tags?post=74288"}],"curies":[{"name":"wp","href":"https:\/\/api.w.org\/{rel}","templated":true}]}}