{"id":74291,"date":"2018-03-16T07:40:09","date_gmt":"2018-03-16T10:40:09","guid":{"rendered":"http:\/\/argentinamunicipal.com.ar\/argentina\/?p=74291"},"modified":"2018-03-16T07:40:09","modified_gmt":"2018-03-16T10:40:09","slug":"fmi-esta-mirando","status":"publish","type":"post","link":"http:\/\/argentinamunicipal.com.ar\/argentina\/fmi-esta-mirando\/","title":{"rendered":"El FMI est\u00e1 mirando"},"content":{"rendered":"<p>La titular del FMI, Christine Lagarde, y el titular del Tesoro de Estados Unidos, Steven Mnuchin, llegar\u00e1 hoy a Buenos Aires para participar de la cumbre de ministros de Econom\u00eda y presidentes de Bancos Centrales del G-20 que tendr\u00e1 lugar el 19 y 20 de marzo. Adem\u00e1s, Lagarde se reunir\u00e1 con el presidente Mauricio Macri, el ministro de Hacienda, Nicol\u00e1s Dujovne, y el presidente del Banco Central, Federico Sturzenegger.<\/p>\n<p>En diversas oportunidades, desde la llegada de Cambiemos al poder la funcionaria del Fondo ha dado p\u00fablicamente su visto bueno a la administraci\u00f3n macrista, que por su parte se ha mostrado dispuesta a retomar las revisiones del FMI. En octubre de 2016, por ejemplo, en ocasi\u00f3n de la visita a Washington de Alfonso Prat-Gay, por entonces ministro de Hacienda y Finanzas, Lagarde festej\u00f3: \u201cla cooperaci\u00f3n ahora es inmensamente diferente y ofrecer\u00e1 beneficios mutuos\u201d. Sin embargo en ese momento, pese a celebrar las medidas econ\u00f3micas del macrismo, el Fondo modific\u00f3 a la baja las proyecciones de crecimiento para ese a\u00f1o y el siguiente.<\/p>\n<p>En septiembre de 2016 los t\u00e9cnicos del FMI solicitaron volver a auditar las cuentas del pa\u00eds, algo que no ocurr\u00eda desde 2006, momento en el cual comenzaron a enfriarse las relaciones entre la Argentina y el organismo internacional, sobre todo despu\u00e9s de la cancelaci\u00f3n de la deuda por 9500 millones de d\u00f3lares dispuesta por el ex presidente N\u00e9stor Kirchner. Despu\u00e9s de esa visita el Fondo recomend\u00f3, como receta para achicar el d\u00e9ficit de los pa\u00edses, recortar las jubilaciones: una sugerencia que fue justamente el motor de la reforma previsional llevada adelante por Cambiemos en diciembre pasado, de apuro, a sangre y fuego, y a pesar del enorme rechazo popular que gener\u00f3 el cambio de la f\u00f3rmula de actualizaci\u00f3n de jubilaciones y pensiones.<\/p>\n<p>Adem\u00e1s de Lagarde y el titular del Tesoro estadounidense, visitan el pa\u00eds los ministros de Finanzas de Francia, Bruno Le Marie; Alemania, Wolfgang Sch\u00e4uble; y Brasil, Enrique Meirelles; y los titulares del Banco Mundial, Jim Yong Kim, y la OCDE, Angel Gurr\u00eda, entre los funcionarios que integran el grupo de los 20 pa\u00edses m\u00e1s desarrollados. Dujovne y Sturzenegger ser\u00e1n los anfitriones de este megaevento financiero, que reunir\u00e1 \u00a0a los mayores representantes econ\u00f3micos de Holanda, Suiza, Chile y Singapur, pa\u00edses que \u2013si bien no integran el G-20\u2013 fueron invitados. El G20, que aglutina a las 20 principales econom\u00edas del mundo, es el mayor foro de coordinaci\u00f3n econ\u00f3mica internacional.<\/p>\n<h6>Fuetne: P\u00e1gina 12<\/h6>\n","protected":false},"excerpt":{"rendered":"<p>La titular del FMI, Christine Lagarde, y el titular del Tesoro de Estados Unidos, Steven Mnuchin, llegar\u00e1 hoy a Buenos Aires para participar de la cumbre de ministros de Econom\u00eda y presidentes de Bancos Centrales del G-20<\/p>\n","protected":false},"author":2,"featured_media":74292,"comment_status":"closed","ping_status":"closed","sticky":false,"template":"","format":"standard","meta":{"footnotes":""},"categories":[8],"tags":[21],"class_list":["post-74291","post","type-post","status-publish","format-standard","has-post-thumbnail","hentry","category-informe-nacional","tag-argentina"],"_links":{"self":[{"href":"http:\/\/argentinamunicipal.com.ar\/argentina\/wp-json\/wp\/v2\/posts\/74291","targetHints":{"allow":["GET"]}}],"collection":[{"href":"http:\/\/argentinamunicipal.com.ar\/argentina\/wp-json\/wp\/v2\/posts"}],"about":[{"href":"http:\/\/argentinamunicipal.com.ar\/argentina\/wp-json\/wp\/v2\/types\/post"}],"author":[{"embeddable":true,"href":"http:\/\/argentinamunicipal.com.ar\/argentina\/wp-json\/wp\/v2\/users\/2"}],"replies":[{"embeddable":true,"href":"http:\/\/argentinamunicipal.com.ar\/argentina\/wp-json\/wp\/v2\/comments?post=74291"}],"version-history":[{"count":0,"href":"http:\/\/argentinamunicipal.com.ar\/argentina\/wp-json\/wp\/v2\/posts\/74291\/revisions"}],"wp:featuredmedia":[{"embeddable":true,"href":"http:\/\/argentinamunicipal.com.ar\/argentina\/wp-json\/wp\/v2\/media\/74292"}],"wp:attachment":[{"href":"http:\/\/argentinamunicipal.com.ar\/argentina\/wp-json\/wp\/v2\/media?parent=74291"}],"wp:term":[{"taxonomy":"category","embeddable":true,"href":"http:\/\/argentinamunicipal.com.ar\/argentina\/wp-json\/wp\/v2\/categories?post=74291"},{"taxonomy":"post_tag","embeddable":true,"href":"http:\/\/argentinamunicipal.com.ar\/argentina\/wp-json\/wp\/v2\/tags?post=74291"}],"curies":[{"name":"wp","href":"https:\/\/api.w.org\/{rel}","templated":true}]}}